{"id":6944,"date":"2024-06-09T21:33:22","date_gmt":"2024-06-09T21:33:22","guid":{"rendered":"https:\/\/www.consultingpb.com\/?p=6944"},"modified":"2024-06-09T21:33:24","modified_gmt":"2024-06-09T21:33:24","slug":"il-nuovo-decreto-sanita-una-prima-analisi","status":"publish","type":"post","link":"https:\/\/www.consultingpb.com\/en\/blog\/diritto-rovescio\/il-nuovo-decreto-sanita-una-prima-analisi\/","title":{"rendered":"Il nuovo decreto sanit\u00e0 &#8211; una prima analisi"},"content":{"rendered":"\n<p>Il Ministro della Salute Orazio Schillaci ha annunciato l&#8217;arrivo di una nuova piattaforma nazionale di intelligenza artificiale per supportare il sistema sanitario, in particolare per ridurre le liste d&#8217;attesa e migliorare l&#8217;assistenza territoriale.<\/p>\n\n\n\n<p><\/p>\n\n\n\n<h2 class=\"wp-block-heading\" id=\"h-l-impatto-della-telemedicina-sulle-liste-d-attesa\">L&#8217;Impatto della Telemedicina sulle Liste d&#8217;Attesa<\/h2>\n\n\n<div class=\"wp-block-image\">\n<figure class=\"alignleft is-resized\"><img decoding=\"async\" src=\"https:\/\/i0.wp.com\/salutedigitale.blog\/wp-content\/uploads\/2021\/01\/img_0189.jpg?fit=1200%2C870&amp;ssl=1\" alt=\"salutedigitale.blog\" style=\"width:216px;height:auto\" \/><\/figure>\n<\/div>\n\n\n<p>La telemedicina pu\u00f2 avere un impatto significativo sulla riduzione delle liste d&#8217;attesa nella sanit\u00e0. <\/p>\n\n\n\n<p>Uno studio ha dimostrato che l&#8217;implementazione di una struttura organizzativa basata sul ricorso alla telemedicina pu\u00f2 ridurre le liste d&#8217;attesa.<a href=\"https:\/\/www.sanitainformazione.it\/salute\/piu-telemedicina-meno-liste-di-attesa\/\" target=\"_blank\" rel=\"noreferrer noopener\"><\/a>&nbsp;<\/p>\n\n\n\n<p>Il governo sta valutando misure per abbattere le liste d&#8217;attesa, tra cui l&#8217;estensione dell&#8217;accesso alla telemedicina anche ai medici di famiglia e ai pediatri.<a href=\"https:\/\/www.adnkronos.com\/politica\/liste-attesa-sanita-pubblica-decreto-bozza_13iIrsSnbTD76MCyMZ0ZoS\" target=\"_blank\" rel=\"noreferrer noopener\"><\/a><a href=\"https:\/\/www.wired.it\/article\/liste-d-attesa-sanita-taglio-decreto-governo\/\" target=\"_blank\" rel=\"noreferrer noopener\"><\/a><\/p>\n\n\n\n<p>L&#8217;epidemia di COVID-19 ha evidenziato sia la validit\u00e0 che la necessit\u00e0 di soluzioni di telemedicina, mediante le quali \u00e8 possibile assicurare cure ed assistenza a distanza.<a href=\"https:\/\/www.quotidianosanita.it\/studi-e-analisi\/articolo.php?articolo_id=87156\" target=\"_blank\" rel=\"noreferrer noopener\"><\/a>&nbsp;<\/p>\n\n\n\n<p>In uno scenario post-COVID, l&#8217;utilizzo della telemedicina potrebbe consentire di erogare un maggior numero di visite giornaliere rispetto alla sola modalit\u00e0 in presenza, contribuendo anche al recupero del backlog accumulato per le visite cancellate durante l&#8217;emergenza.<\/p>\n\n\n\n<p><a href=\"https:\/\/www.quotidianosanita.it\/studi-e-analisi\/articolo.php?articolo_id=87156\" target=\"_blank\" rel=\"noreferrer noopener\"><\/a>Nell&#8217;accesso ai servizi di telemedicina devono essere garantite equit\u00e0 e trasparenza, con modalit\u00e0 e liste di attesa, ove necessarie, chiare e verificabili.<a href=\"https:\/\/www.salute.gov.it\/imgs\/C_17_pubblicazioni_2129_allegato.pdf\" target=\"_blank\" rel=\"noreferrer noopener\"><\/a>&nbsp;Le principali aree applicative della telemedicina sono la televisita (paziente-medico), il telemonitoraggio e il teleconsulto.<a href=\"https:\/\/www.salute.gov.it\/imgs\/C_17_pubblicazioni_2129_allegato.pdf\" target=\"_blank\" rel=\"noreferrer noopener\"><\/a>&nbsp;<\/p>\n\n\n\n<p>Molti paesi europei, come Norvegia, Spagna e Gran Bretagna, hanno investito in soluzioni di e-health e telemedicina, riconoscendone i benefici per l&#8217;accessibilit\u00e0 e l&#8217;efficienza delle cure.<a href=\"https:\/\/www.salute.gov.it\/imgs\/C_17_pubblicazioni_2129_allegato.pdf\" target=\"_blank\" rel=\"noreferrer noopener\"><\/a>In sintesi, la telemedicina rappresenta uno strumento promettente per ridurre le liste d&#8217;attesa, migliorare l&#8217;accesso alle cure e recuperare le prestazioni arretrate, a patto che sia implementata garantendo equit\u00e0, trasparenza e appropriatezza.<\/p>\n\n\n\n<h2 class=\"wp-block-heading\" id=\"h-l-integrazione-dei-dati-sanitari-sfide-e-opportunita\">L&#8217;Integrazione dei Dati Sanitari: Sfide e Opportunit\u00e0<\/h2>\n\n\n<div class=\"wp-block-image\">\n<figure class=\"alignright is-resized\"><img decoding=\"async\" src=\"https:\/\/pplx-res.cloudinary.com\/image\/upload\/v1717530199\/ai_generated_images\/sdks6jzbnp9lchnipxxn.png\" alt=\"Playground\" style=\"width:308px;height:auto\" \/><\/figure>\n<\/div>\n\n\n<p>L&#8217;integrazione dei dati sanitari presenta sia sfide che opportunit\u00e0 significative per il settore. <\/p>\n\n\n\n<p>Una delle principali sfide \u00e8 la mancanza di un formato di dati standard, poich\u00e9 nel corso degli anni le organizzazioni sanitarie hanno accumulato diversi formati di dati, alcuni incompatibili con i sistemi e con altri dati.<a href=\"https:\/\/www.snaplogic.com\/it\/glossary\/data-integration-challenges-healthcare\" target=\"_blank\" rel=\"noreferrer noopener\"><\/a>&nbsp;<\/p>\n\n\n\n<p>Inoltre, spesso non esiste un approccio unitario alla gestione dei dati, con persone diverse che elaborano e utilizzano le stesse serie di dati, portando a potenziali discrepanze e problemi di propriet\u00e0 dei dati.<\/p>\n\n\n\n<p><a href=\"https:\/\/www.snaplogic.com\/it\/glossary\/data-integration-challenges-healthcare\" target=\"_blank\" rel=\"noreferrer noopener\"><\/a>Altre sfide includono idee sbagliate sulla privacy e sulla condivisione dei dati, incoerenza dei dati tra le applicazioni e la complessit\u00e0 derivante dai crescenti volumi di dati generati quotidianamente, come cartelle cliniche elettroniche, immagini mediche e dati genomici.<a href=\"https:\/\/www.snaplogic.com\/it\/glossary\/data-integration-challenges-healthcare\" target=\"_blank\" rel=\"noreferrer noopener\"><\/a><a href=\"https:\/\/www.acronis.com\/it-it\/blog\/posts\/health-care-data-storage\/\" target=\"_blank\" rel=\"noreferrer noopener\"><\/a>&nbsp;<\/p>\n\n\n\n<p>L&#8217;elaborazione accurata dei dati \u00e8 fondamentale per evitare errori potenzialmente gravi, come la prescrizione di farmaci sbagliati.<\/p>\n\n\n\n<p><a href=\"https:\/\/www.acronis.com\/it-it\/blog\/posts\/health-care-data-storage\/\" target=\"_blank\" rel=\"noreferrer noopener\"><\/a>Nonostante queste sfide, l&#8217;integrazione dei dati sanitari offre anche grandi opportunit\u00e0. Uno spazio europeo dei dati sanitari ben progettato potrebbe accelerare la diffusione dell&#8217;intelligenza artificiale, una tecnologia cruciale per la sanit\u00e0 europea.<a href=\"https:\/\/www.awarethinktank.it\/spazio-europeo-dei-dati-sanitari-sfide-e-opportunita-di-un-progetto-ambizioso\/\" target=\"_blank\" rel=\"noreferrer noopener\"><\/a>&nbsp;<\/p>\n\n\n\n<p>L&#8217;Europa ha gi\u00e0 la pi\u00f9 grande concentrazione al mondo di ricercatori dedicati all&#8217;applicazione dell&#8217;IA in ambito diagnostico e uno spazio comune di dati di alta qualit\u00e0 potrebbe consolidare questo vantaggio.<\/p>\n\n\n\n<p><a href=\"https:\/\/www.awarethinktank.it\/spazio-europeo-dei-dati-sanitari-sfide-e-opportunita-di-un-progetto-ambizioso\/\" target=\"_blank\" rel=\"noreferrer noopener\"><\/a>Tuttavia, il successo di tale iniziativa dipende dall&#8217;interoperabilit\u00e0 delle banche dati nazionali e da un quadro normativo chiaro, che potrebbe richiedere modifiche alle attuali norme sulla privacy per evitare che diventino un ostacolo troppo complesso.<a href=\"https:\/\/www.awarethinktank.it\/spazio-europeo-dei-dati-sanitari-sfide-e-opportunita-di-un-progetto-ambizioso\/\" target=\"_blank\" rel=\"noreferrer noopener\"><\/a>&nbsp;<\/p>\n\n\n\n<p>Gli health big data possono supportare le strutture sanitarie nel miglioramento qualitativo dei servizi e nell&#8217;efficientamento dei processi, fornendo ai manager un quadro chiaro sull&#8217;operativit\u00e0 e previsioni di andamento futuro su cui basare decisioni strategiche.<a href=\"https:\/\/blog-artexe.mapsgroup.it\/health-big-data-sfide-e-opportunita-dellanalisi-dei-dati-sanitari\" target=\"_blank\" rel=\"noreferrer noopener\"><\/a>In sintesi, sebbene l&#8217;integrazione dei dati sanitari presenti sfide significative legate a standardizzazione, privacy, sicurezza e complessit\u00e0, offre anche grandi opportunit\u00e0 per migliorare la qualit\u00e0 delle cure, l&#8217;efficienza operativa e l&#8217;innovazione attraverso tecnologie come l&#8217;intelligenza artificiale. <\/p>\n\n\n\n<p>Affrontare queste sfide in modo strategico sar\u00e0 fondamentale per sbloccare appieno il potenziale degli health big data.<\/p>\n\n\n\n<h2 class=\"wp-block-heading\" id=\"h-l-intelligenza-artificiale-per-la-diagnosi-e-la-terapia-il-ddl-sulla-intelligenza-artificiale\">L&#8217;Intelligenza Artificiale per la Diagnosi e la Terapia &#8211; il ddl sulla intelligenza artificiale <\/h2>\n\n\n<div class=\"wp-block-image\">\n<figure class=\"alignleft is-resized\"><img decoding=\"async\" src=\"https:\/\/static.digitalworlditalia.it\/wp-content\/uploads\/2023\/10\/IA-intelligenza-artificiale-sanita-decalogo.jpeg\" alt=\"digitalworlditalia.it\" style=\"width:218px;height:auto\" \/><\/figure>\n<\/div>\n\n\n<p>L&#8217;intelligenza artificiale (IA) sta rivoluzionando il settore sanitario, offrendo strumenti avanzati per la diagnosi e la terapia. La recente legislazione italiana ha introdotto nuove regole per l&#8217;uso dell&#8217;IA in ambito sanitario, con l&#8217;obiettivo di migliorare l&#8217;assistenza e garantire l&#8217;inclusione delle persone con disabilit\u00e0. <\/p>\n\n\n\n<p><strong>L&#8217;articolo 7 del disegno di legge <\/strong>disciplina l&#8217;uso dell&#8217;IA, vietando qualsiasi forma di discriminazione nell&#8217;accesso alle prestazioni sanitarie e promuovendo la diffusione di sistemi di IA che migliorino le condizioni di vita e l&#8217;accessibilit\u00e0 per le persone con disabilit\u00e0. <\/p>\n\n\n\n<p>\u00c8 fondamentale che l&#8217;uso dell&#8217;IA non comprometta la decisione finale del medico, e che i sistemi siano affidabili, verificati e aggiornati periodicamente per minimizzare il rischio di errori<a href=\"https:\/\/www.quotidianosanita.it\/governo-e-parlamento\/articolo.php?articolo_id=121777\" target=\"_blank\" rel=\"noreferrer noopener\"><\/a>.<\/p>\n\n\n\n<p><strong>L&#8217;articolo 8 del disegno di legge<\/strong> si concentra sulla ricerca e sperimentazione scientifica, dichiarando di rilevante interesse pubblico i trattamenti di dati eseguiti per la realizzazione di sistemi di IA con finalit\u00e0 terapeutiche e farmacologiche. <\/p>\n\n\n\n<p>Questo incoraggia sia enti pubblici che privati a investire nella ricerca, garantendo che i dati utilizzati siano trattati con la massima sicurezza e rispetto per i diritti fondamentali degli individui<a href=\"https:\/\/www.quotidianosanita.it\/governo-e-parlamento\/articolo.php?articolo_id=121777\" target=\"_blank\" rel=\"noreferrer noopener\"><\/a>.<\/p>\n\n\n\n<p><strong>Inoltre, l&#8217;articolo 9<\/strong> introduce disposizioni specifiche per il fascicolo sanitario elettronico e i sistemi di sorveglianza nel settore sanitario, istituendo una piattaforma di IA gestita dall&#8217;Agenzia nazionale per i servizi sanitari regionali (Agenas). <\/p>\n\n\n\n<p>Questa piattaforma supporta i professionisti sanitari nella presa in carico della popolazione assistita, utilizzando dati strettamente necessari e garantendo un livello di sicurezza adeguato al rischio. <\/p>\n\n\n\n<p><strong>L&#8217;Agenas<\/strong>, in collaborazione con il Ministero della Salute e altre autorit\u00e0 competenti, \u00e8 responsabile della valutazione dell&#8217;impatto del trattamento dei dati e dell&#8217;implementazione di misure tecniche e organizzative per proteggere i diritti degli interessati<a href=\"https:\/\/www.quotidianosanita.it\/governo-e-parlamento\/articolo.php?articolo_id=121777\" target=\"_blank\" rel=\"noreferrer noopener\"><\/a>.<\/p>\n\n\n\n<p>In sintesi, l&#8217;IA offre enormi potenzialit\u00e0 per migliorare la diagnosi e la terapia, ma richiede un quadro normativo chiaro e rigoroso per garantire l&#8217;affidabilit\u00e0 dei sistemi, la sicurezza dei dati e il rispetto dei diritti fondamentali.<\/p>\n\n\n\n<h2 class=\"wp-block-heading\" id=\"h-sanzioni-per-mancata-disdetta\">Sanzioni per mancata disdetta<\/h2>\n\n\n<div class=\"wp-block-image\">\n<figure class=\"alignright is-resized\"><img decoding=\"async\" src=\"https:\/\/pplx-res.cloudinary.com\/image\/upload\/v1717833107\/user_uploads\/dhkimczwh\/fQqSfUnTfJ.jpg\" alt=\"\" style=\"width:379px;height:auto\" \/><\/figure>\n<\/div>\n\n\n<p>La nuova piattaforma nazionale di intelligenza artificiale annunciata dal Ministro della Salute Orazio Schillaci utilizzer\u00e0 l&#8217;IA anche per gestire le prenotazioni e le mancate presentazioni degli assistiti. <\/p>\n\n\n\n<p>In base alle nuove regole, l&#8217;assistito che non si presenta nel giorno previsto per la prestazione sanitaria senza fornire una giustificata disdetta, salvi i casi di forza maggiore e impossibilit\u00e0 sopravvenuta, pu\u00f2 essere tenuto al pagamento di una quota di partecipazione al costo.<\/p>\n\n\n\n<p><a href=\"https:\/\/integrazionemigranti.gov.it\/it-it\/Altre-info\/e\/4\/o\/8\/id\/11\/Il-diritto-alla-salute-dei-minori-stranieri\" target=\"_blank\" rel=\"noreferrer noopener\"><\/a>Questa quota dovr\u00e0 essere corrisposta all&#8217;erogatore pubblico o privato accreditato presso cui era stata prenotata la prestazione non usufruita. <\/p>\n\n\n\n<p>Si tratta della quota ordinaria di partecipazione al costo, il cosiddetto ticket, che l&#8217;assistito avrebbe dovuto pagare se si fosse presentato regolarmente.<\/p>\n\n\n\n<p><a href=\"https:\/\/integrazionemigranti.gov.it\/it-it\/Altre-info\/e\/4\/o\/8\/id\/11\/Il-diritto-alla-salute-dei-minori-stranieri\" target=\"_blank\" rel=\"noreferrer noopener\"><\/a>L&#8217;obiettivo di questa misura \u00e8 scoraggiare le mancate presentazioni ingiustificate, che rappresentano uno spreco di risorse e contribuiscono ad allungare le liste d&#8217;attesa. <\/p>\n\n\n\n<p>Grazie all&#8217;intelligenza artificiale, la piattaforma sar\u00e0 in grado di tracciare automaticamente le prenotazioni disattese e di gestire l&#8217;eventuale richiesta di pagamento della quota di partecipazione.<\/p>\n\n\n\n<p><a href=\"https:\/\/integrazionemigranti.gov.it\/it-it\/Altre-info\/e\/4\/o\/8\/id\/11\/Il-diritto-alla-salute-dei-minori-stranieri\" target=\"_blank\" rel=\"noreferrer noopener\"><\/a>Saranno fatte salve le situazioni di forza maggiore e impossibilit\u00e0 sopravvenuta che impediscono all&#8217;assistito di presentarsi o di disdire per tempo la prenotazione. In questi casi, opportunamente documentati, non sar\u00e0 richiesto il pagamento della quota.<\/p>\n\n\n\n<p><a href=\"https:\/\/integrazionemigranti.gov.it\/it-it\/Altre-info\/e\/4\/o\/8\/id\/11\/Il-diritto-alla-salute-dei-minori-stranieri\" target=\"_blank\" rel=\"noreferrer noopener\"><\/a>Questa innovazione si inserisce nel quadro pi\u00f9 ampio della riforma della sanit\u00e0 digitale, che punta a sfruttare le potenzialit\u00e0 dell&#8217;IA e dei big data per migliorare l&#8217;efficienza del sistema sanitario, ridurre gli sprechi e offrire un servizio pi\u00f9 puntuale ai cittadini. <\/p>\n\n\n\n<p>L&#8217;integrazione dell&#8217;IA nella gestione delle prenotazioni rappresenta un passo importante in questa direzione.<\/p>\n\n\n\n<h2 class=\"wp-block-heading\" id=\"h-cup-unico-per-prenotazioni-nazionali\">Cup unico per prenotazioni nazionali<\/h2>\n\n\n<div class=\"wp-block-image\">\n<figure class=\"alignleft is-resized\"><img decoding=\"async\" src=\"https:\/\/www.ansa.it\/webimages\/img_700\/2024\/3\/21\/715b1b1f5bad84d6b61f5526430eeb19.jpg\" alt=\"ansa.it\" style=\"width:329px;height:auto\" \/><\/figure>\n<\/div>\n\n\n<p>Il Ministro della Salute Orazio Schillaci ha annunciato l&#8217;introduzione di un Centro Unico di Prenotazione (CUP) nazionale per ridurre le liste d&#8217;attesa e migliorare l&#8217;accesso alle prestazioni sanitarie. Il CUP unico metter\u00e0 insieme tutte le prestazioni disponibili sia nel pubblico che nel privato convenzionato, offrendo ai cittadini un quadro completo delle opzioni e dei tempi d&#8217;attesa.<\/p>\n\n\n\n<p><a href=\"https:\/\/www.rainews.it\/articoli\/2024\/06\/sanita-riduzione-delle-liste-dattesa-cup-unico-e-esami-nei-weekend-tutte-le-misure-previste--300ada16-91be-40d9-8f54-738151b01923.html\" target=\"_blank\" rel=\"noreferrer noopener\"><\/a>Secondo quanto previsto dal decreto, il CUP unico sar\u00e0 attivato a livello regionale o infraregionale e includer\u00e0 obbligatoriamente tutte le prestazioni degli erogatori pubblici e privati accreditati.<a href=\"https:\/\/www.rainews.it\/articoli\/2024\/06\/sanita-riduzione-delle-liste-dattesa-cup-unico-e-esami-nei-weekend-tutte-le-misure-previste--300ada16-91be-40d9-8f54-738151b01923.html\" target=\"_blank\" rel=\"noreferrer noopener\"><\/a><a href=\"https:\/\/www.certifico.com\/news\/274-news\/21987-decreto-legge-liste-di-attesa\" target=\"_blank\" rel=\"noreferrer noopener\"><\/a>&nbsp;<\/p>\n\n\n\n<p>Tutti gli erogatori pubblici e privati accreditati, sia ospedalieri che ambulatoriali, devono fare riferimento al Centro Unico di Prenotazione (CUP), che \u00e8 unico a livello regionale o infra-regionale.<\/p>\n\n\n\n<p> Per garantire la piena interoperabilit\u00e0 dei centri di prenotazione degli erogatori privati accreditati con i CUP territoriali, tale interoperabilit\u00e0 \u00e8 una condizione preliminare necessaria per la stipula degli accordi contrattuali con le strutture sanitarie. <\/p>\n\n\n\n<p>Le strutture sanitarie private autorizzate devono garantire la piena interoperabilit\u00e0 del proprio sistema di prenotazione con il sistema dei CUP. Questo requisito sar\u00e0 un <strong>elemento di valutazione per l&#8217;accreditamento istituzionale <\/strong>da parte delle regioni e delle province autonome di Trento e Bolzano.<\/p>\n\n\n\n<p><a href=\"https:\/\/www.certifico.com\/news\/274-news\/21987-decreto-legge-liste-di-attesa\" target=\"_blank\" rel=\"noreferrer noopener\"><\/a><a href=\"https:\/\/www.aiop.it\/Aiop\/News\/ArtMID\/488\/ArticleID\/6253\/Liste-dattesa-Ecco-il-Piano-Schillaci\" target=\"_blank\" rel=\"noreferrer noopener\"><\/a>Inoltre, il CUP dovr\u00e0 attivare un sistema di recall per ricordare agli assistiti la data della prestazione e richiedere la conferma o la cancellazione della prenotazione.<a href=\"https:\/\/www.certifico.com\/news\/274-news\/21987-decreto-legge-liste-di-attesa\" target=\"_blank\" rel=\"noreferrer noopener\"><\/a>&nbsp;In caso di mancata presentazione senza giustificata disdetta, l&#8217;assistito potr\u00e0 essere tenuto a pagare ugualmente il ticket previsto. <\/p>\n\n\n\n<p>Il CUP attiva un sistema di disdetta delle prenotazioni per ricordare agli assistiti la data della prestazione e richiedere la conferma o la cancellazione dell&#8217;appuntamento almeno due giorni lavorativi prima della prestazione. <\/p>\n\n\n\n<p>Questo sistema include anche modalit\u00e0 di ottimizzazione delle agende di prenotazione, secondo indicazioni tecniche uniformi a livello nazionale.<\/p>\n\n\n\n<p><a href=\"https:\/\/www.rainews.it\/articoli\/2024\/06\/sanita-riduzione-delle-liste-dattesa-cup-unico-e-esami-nei-weekend-tutte-le-misure-previste--300ada16-91be-40d9-8f54-738151b01923.html\" target=\"_blank\" rel=\"noreferrer noopener\"><\/a><a href=\"https:\/\/www.certifico.com\/news\/274-news\/21987-decreto-legge-liste-di-attesa\" target=\"_blank\" rel=\"noreferrer noopener\"><\/a>L&#8217;obiettivo \u00e8 garantire ai cittadini informazioni precise su tempi d&#8217;attesa e disponibilit\u00e0 di prestazioni, sia nel pubblico che nel privato convenzionato, attraverso un unico punto di accesso.<a href=\"https:\/\/www.dottnet.it\/articolo\/32536563\/schillaci-contro-le-liste-di-attesa-un-cup-unico\" target=\"_blank\" rel=\"noreferrer noopener\"><\/a>&nbsp;<\/p>\n\n\n\n<p>Tuttavia, l&#8217;implementazione del CUP unico potrebbe variare da regione a regione e alcune, come l&#8217;Emilia Romagna, hanno sollevato perplessit\u00e0 riguardo alle coperture finanziarie necessarie per attuare le riforme richieste.<a href=\"https:\/\/www.rainews.it\/articoli\/2024\/06\/sanita-riduzione-delle-liste-dattesa-cup-unico-e-esami-nei-weekend-tutte-le-misure-previste--300ada16-91be-40d9-8f54-738151b01923.html\" target=\"_blank\" rel=\"noreferrer noopener\"><\/a>Il decreto non sembra prevedere al momento fondi extra specifici per finanziare l&#8217;iniziativa.<a href=\"https:\/\/www.rainews.it\/articoli\/2024\/06\/sanita-riduzione-delle-liste-dattesa-cup-unico-e-esami-nei-weekend-tutte-le-misure-previste--300ada16-91be-40d9-8f54-738151b01923.html\" target=\"_blank\" rel=\"noreferrer noopener\"><\/a>&nbsp;<\/p>\n\n\n\n<p>Sar\u00e0 quindi importante valutare nel dettaglio i contenuti definitivi del provvedimento e del disegno di legge collegato per comprendere appieno le implicazioni operative e finanziarie del CUP unico nazionale.<\/p>\n\n\n\n<h2 class=\"wp-block-heading\" id=\"h-limiti-a-intramoenia-nel-decreto\">Limiti a intramoenia nel decreto<\/h2>\n\n\n<div class=\"wp-block-image\">\n<figure class=\"alignright is-resized\"><img decoding=\"async\" src=\"https:\/\/www.laleggepertutti.it\/wp-content\/uploads\/2020\/07\/visita-medico-famiglia.jpg\" alt=\"laleggepertutti.it\" style=\"width:368px;height:auto\" \/><\/figure>\n<\/div>\n\n\n<p>Il ministro della Salute Orazio Schillaci ha annunciato che il nuovo decreto sulle liste d&#8217;attesa includer\u00e0 misure per limitare il fenomeno delle prestazioni intramoenia. <\/p>\n\n\n\n<p>Presso ogni azienda sanitaria e ospedaliera, deve essere garantito un corretto ed equilibrato rapporto tra attivit\u00e0 istituzionale e attivit\u00e0 libero-professionale. <\/p>\n\n\n\n<p>\u00c8 vietato che l&#8217;attivit\u00e0 libero-professionale possa comportare per ciascun dipendente un volume di prestazioni superiore a quello assicurato per i compiti istituzionali. <\/p>\n\n\n\n<p>L&#8217;attivit\u00e0 libero-professionale sar\u00e0 soggetta a verifica da parte della direzione generale aziendale, con la possibilit\u00e0 di applicare misure, inclusa la sospensione del diritto all&#8217;attivit\u00e0 stessa.<\/p>\n\n\n\n<p>In particolare, non sar\u00e0 pi\u00f9 possibile per un medico effettuare in intramoenia un numero di prestazioni maggiore rispetto a quelle erogate nel sistema pubblico<\/p>\n\n\n\n<p>Schillaci ha citato casi in cui sono state riscontrate 90 prestazioni intramoenia a fronte di sole 9 nel pubblico, definendolo un dato clamoroso. <\/p>\n\n\n\n<p>Questo squilibrio incide negativamente sulle liste d&#8217;attesa e va quindi fronteggiato.<\/p>\n\n\n\n<p><a href=\"https:\/\/www.repubblica.it\/cronaca\/2024\/06\/04\/news\/liste_di_attesa_fondi_sanita-423165739\/\" target=\"_blank\" rel=\"noreferrer noopener\"><\/a><a href=\"https:\/\/www.quotidianosanita.it\/governo-e-parlamento\/articolo.php?articolo_id=122590\" target=\"_blank\" rel=\"noreferrer noopener\"><\/a><a href=\"http:\/\/www.sanita24.ilsole24ore.com\/art\/dal-governo\/2024-06-04\/liste-d-attesa-schillaci-spiega-piano-e-regioni-dice-ciascuno-faccia-sua-parte-mef-250-milioni-defiscalizzare-ore-piu-130926.php?uuid=AFghIUlB\" target=\"_blank\" rel=\"noreferrer noopener\"><\/a>Per monitorare la situazione, verr\u00e0 implementata una piattaforma che permetter\u00e0 di sapere regione per regione quali prestazioni mancano, in modo da poter intervenire tempestivamente.<a href=\"https:\/\/www.quotidianosanita.it\/governo-e-parlamento\/articolo.php?articolo_id=122590\" target=\"_blank\" rel=\"noreferrer noopener\"><\/a>&nbsp;Inoltre, il decreto prevede l&#8217;estensione dell&#8217;orario di erogazione delle prestazioni, includendo anche il sabato e la domenica, per aumentare l&#8217;offerta assistenziale e ridurre i tempi d&#8217;attesa.<\/p>\n\n\n\n<p><a href=\"https:\/\/www.repubblica.it\/cronaca\/2024\/06\/04\/news\/liste_di_attesa_fondi_sanita-423165739\/\" target=\"_blank\" rel=\"noreferrer noopener\"><\/a><a href=\"https:\/\/www.rainews.it\/tgr\/fvg\/articoli\/2024\/06\/sanita-le-misure-per-ridurre-le-liste-dattesa--friuli-venezia-giulai-pordenone-udine-trieste-gorizia-governo-meloni-decreto-liste-dattesa-orazio-schillaci-27d9a379-aed2-47fa-b61f-e2d4ce9adf2e.html\" target=\"_blank\" rel=\"noreferrer noopener\"><\/a><a href=\"http:\/\/www.sanita24.ilsole24ore.com\/art\/dal-governo\/2024-06-04\/liste-d-attesa-schillaci-spiega-piano-e-regioni-dice-ciascuno-faccia-sua-parte-mef-250-milioni-defiscalizzare-ore-piu-130926.php?uuid=AFghIUlB\" target=\"_blank\" rel=\"noreferrer noopener\"><\/a>Queste misure si inseriscono in un quadro pi\u00f9 ampio di riforma del sistema sanitario, che include anche l&#8217;aumento del tetto di spesa per le assunzioni di personale al 15% gi\u00e0 dal 2024 e la sua completa abolizione a partire dal 2025, dopo 20 anni di esistenza.<\/p>\n\n\n\n<p><a href=\"https:\/\/www.rainews.it\/tgr\/fvg\/articoli\/2024\/06\/sanita-le-misure-per-ridurre-le-liste-dattesa--friuli-venezia-giulai-pordenone-udine-trieste-gorizia-governo-meloni-decreto-liste-dattesa-orazio-schillaci-27d9a379-aed2-47fa-b61f-e2d4ce9adf2e.html\" target=\"_blank\" rel=\"noreferrer noopener\"><\/a><a href=\"http:\/\/www.sanita24.ilsole24ore.com\/art\/dal-governo\/2024-06-03\/liste-d-attesa-prende-corpo-l-idea-spacchettare-misure-decreto-sara-accompagnato-un-ddl-175604.php?uuid=AFHsWekB\" target=\"_blank\" rel=\"noreferrer noopener\"><\/a>L&#8217;obiettivo dichiarato \u00e8 garantire ai cittadini l&#8217;accesso tempestivo alle prestazioni, con un esame entro 72 ore se necessario, a carico del Servizio Sanitario Nazionale.<a href=\"https:\/\/www.rainews.it\/tgr\/fvg\/articoli\/2024\/06\/sanita-le-misure-per-ridurre-le-liste-dattesa--friuli-venezia-giulai-pordenone-udine-trieste-gorizia-governo-meloni-decreto-liste-dattesa-orazio-schillaci-27d9a379-aed2-47fa-b61f-e2d4ce9adf2e.html\" target=\"_blank\" rel=\"noreferrer noopener\"><\/a>&nbsp;<\/p>\n\n\n\n<p>Per raggiungere questo traguardo, il Ministro ha sottolineato l&#8217;importanza della collaborazione di Regioni, ASL, medici e tutto il personale sanitario.<a href=\"https:\/\/www.rainews.it\/tgr\/fvg\/articoli\/2024\/06\/sanita-le-misure-per-ridurre-le-liste-dattesa--friuli-venezia-giulai-pordenone-udine-trieste-gorizia-governo-meloni-decreto-liste-dattesa-orazio-schillaci-27d9a379-aed2-47fa-b61f-e2d4ce9adf2e.html\" target=\"_blank\" rel=\"noreferrer noopener\"><\/a>In sintesi, il decreto punta a riequilibrare il rapporto tra attivit\u00e0 istituzionale e intramoenia, scoraggiando gli abusi e aumentando l&#8217;offerta di prestazioni pubbliche, anche attraverso l&#8217;estensione degli orari e l&#8217;assunzione di nuovo personale. Un impegno ambizioso che richieder\u00e0 il coordinamento di tutti gli attori del sistema sanitario.<\/p>\n\n\n\n<h2 class=\"wp-block-heading\" id=\"h-monitoraggio-nazionale-liste-d-attesa\">Monitoraggio nazionale liste d&#8217;attesa<\/h2>\n\n\n<div class=\"wp-block-image\">\n<figure class=\"alignleft is-resized\"><img decoding=\"async\" src=\"https:\/\/images.collettiva.it\/view\/acePublic\/alias\/contentid\/1bpll53rc6cw09sjdrz\/0\/copia-di-pazienti-attesa-ospedale-jpg.webp?f=16%3A9&amp;q=0.75&amp;w=3840\" alt=\"collettiva.it\" style=\"width:463px;height:auto\" \/><\/figure>\n<\/div>\n\n\n<p>Per ricostruire le liste d&#8217;attesa, il Ministro della Salute Orazio Schillaci ha annunciato l&#8217;implementazione immediata nel decreto legge di un sistema di monitoraggio nazionale affidato all&#8217;Agenzia Nazionale per i Servizi Sanitari Regionali (Agenas).<a href=\"https:\/\/www.certifico.com\/news\/274-news\/21987-decreto-legge-liste-di-attesa\" target=\"_blank\" rel=\"noreferrer noopener\"><\/a>&nbsp;<\/p>\n\n\n\n<p>Questo sistema prevede una piattaforma unica che permetter\u00e0 di sapere, regione per regione, quali prestazioni mancano per poter intervenire tempestivamente.<\/p>\n\n\n\n<p><a href=\"https:\/\/www.certifico.com\/news\/274-news\/21987-decreto-legge-liste-di-attesa\" target=\"_blank\" rel=\"noreferrer noopener\"><\/a>Attualmente, la mancanza di dati centralizzati rende difficile intervenire in modo efficace.<a href=\"https:\/\/www.certifico.com\/news\/274-news\/21987-decreto-legge-liste-di-attesa\" target=\"_blank\" rel=\"noreferrer noopener\"><\/a>&nbsp;<\/p>\n\n\n\n<p>Per ovviare a questo problema, il decreto prevede che i privati convenzionati mettano a fattor comune i dati sulle prestazioni disponibili in un&#8217;agenda pubblica, che per trasparenza includer\u00e0 sia le prestazioni private che quelle pubbliche.<\/p>\n\n\n\n<p><a href=\"https:\/\/www.certifico.com\/news\/274-news\/21987-decreto-legge-liste-di-attesa\" target=\"_blank\" rel=\"noreferrer noopener\"><\/a>Se le strutture private non aderiranno a questo sistema, rischieranno di perdere l&#8217;accreditamento.<a href=\"https:\/\/www.certifico.com\/news\/274-news\/21987-decreto-legge-liste-di-attesa\" target=\"_blank\" rel=\"noreferrer noopener\"><\/a>&nbsp;<\/p>\n\n\n\n<p>Questa misura mira a incentivare la condivisione dei dati e a creare un quadro completo dell&#8217;offerta sanitaria su tutto il territorio nazionale.Inoltre, per incentivare il personale sanitario a fornire prestazioni aggiuntive volte a ridurre le liste d&#8217;attesa, il piano prevede anche una riduzione dell&#8217;aliquota fiscale dal 43% al 15% per le prestazioni straordinarie.<a href=\"https:\/\/www.certifico.com\/news\/274-news\/21987-decreto-legge-liste-di-attesa\" target=\"_blank\" rel=\"noreferrer noopener\"><\/a><a href=\"https:\/\/www.quotidianosanita.it\/governo-e-parlamento\/articolo.php?articolo_id=122590\" target=\"_blank\" rel=\"noreferrer noopener\"><\/a>&nbsp;<\/p>\n\n\n\n<p>Questa misura si affianca all&#8217;estensione dell&#8217;orario di erogazione delle prestazioni, includendo anche il sabato e la domenica.<a href=\"https:\/\/www.rainews.it\/tgr\/fvg\/articoli\/2024\/06\/sanita-le-misure-per-ridurre-le-liste-dattesa--friuli-venezia-giulai-pordenone-udine-trieste-gorizia-governo-meloni-decreto-liste-dattesa-orazio-schillaci-27d9a379-aed2-47fa-b61f-e2d4ce9adf2e.html\" target=\"_blank\" rel=\"noreferrer noopener\"><\/a><a href=\"https:\/\/www.rainews.it\/articoli\/2024\/06\/sanita-riduzione-delle-liste-dattesa-cup-unico-e-esami-nei-weekend-tutte-le-misure-previste--300ada16-91be-40d9-8f54-738151b01923.html\" target=\"_blank\" rel=\"noreferrer noopener\"><\/a>L&#8217;obiettivo complessivo \u00e8 creare un sistema trasparente e integrato, in cui sia possibile monitorare in tempo reale la situazione delle liste d&#8217;attesa e intervenire prontamente per colmare le lacune, sia attraverso una migliore collaborazione tra pubblico e privato, sia incentivando il personale sanitario a fornire prestazioni aggiuntive.<\/p>\n\n\n\n<h2 class=\"wp-block-heading\" id=\"h-infrastruttura-ai-per-liste-d-attesa\">Infrastruttura AI per liste d&#8217;attesa <\/h2>\n\n\n<div class=\"wp-block-image\">\n<figure class=\"alignright is-resized\"><img decoding=\"async\" src=\"https:\/\/pplx-res.cloudinary.com\/image\/upload\/v1717837591\/user_uploads\/aludqjzfd\/TKQRWmLNwG_1.jpg\" alt=\"\" style=\"width:369px;height:auto\" \/><\/figure>\n<\/div>\n\n\n<p>Il decreto legge sulle liste d&#8217;attesa, all&#8217;ordine del giorno del Consiglio dei Ministri, prevede l&#8217;istituzione di una infrastruttura nazionale di intelligenza artificiale per supportare la gestione delle prenotazioni sanitarie.<a href=\"https:\/\/www.certifico.com\/news\/274-news\/21987-decreto-legge-liste-di-attesa\" target=\"_blank\" rel=\"noreferrer noopener\"><\/a><a href=\"https:\/\/www.quotidianosanita.it\/governo-e-parlamento\/articolo.php?articolo_id=122590\" target=\"_blank\" rel=\"noreferrer noopener\"><\/a>&nbsp;<\/p>\n\n\n\n<p>La progettazione e realizzazione di tale infrastruttura \u00e8 affidata all&#8217;Agenzia Nazionale per i Servizi Sanitari Regionali (Agenas).<\/p>\n\n\n\n<p><a href=\"https:\/\/www.certifico.com\/news\/274-news\/21987-decreto-legge-liste-di-attesa\" target=\"_blank\" rel=\"noreferrer noopener\"><\/a><a href=\"https:\/\/www.quotidianosanita.it\/governo-e-parlamento\/articolo.php?articolo_id=122590\" target=\"_blank\" rel=\"noreferrer noopener\"><\/a>Secondo quanto previsto dall&#8217;articolo 1 del decreto, il sistema di IA erogher\u00e0 servizi di supporto per la gestione delle liste d&#8217;attesa in varie modalit\u00e0:<a href=\"https:\/\/www.certifico.com\/news\/274-news\/21987-decreto-legge-liste-di-attesa\" target=\"_blank\" rel=\"noreferrer noopener\"><\/a><a href=\"https:\/\/www.quotidianosanita.it\/governo-e-parlamento\/articolo.php?articolo_id=122590\" target=\"_blank\" rel=\"noreferrer noopener\"><\/a><\/p>\n\n\n\n<ul class=\"wp-block-list\">\n<li>Ai cittadini per l&#8217;accesso ai servizi sanitari<\/li>\n\n\n\n<li>Ai professionisti sanitari per la presa in carico della popolazione assistita<\/li>\n\n\n\n<li>Ai medici nella pratica clinica quotidiana, fornendo suggerimenti non vincolanti<\/li>\n\n\n\n<li>Alle strutture sanitarie per la gestione e organizzazione ottimale delle prenotazioni e delle agende in relazione ai fabbisogni<\/li>\n<\/ul>\n\n\n\n<p>L&#8217;obiettivo \u00e8 sfruttare le potenzialit\u00e0 dell&#8217;intelligenza artificiale per migliorare l&#8217;efficienza del sistema di prenotazione, ridurre le liste d&#8217;attesa e fornire un supporto personalizzato a cittadini, medici e strutture sanitarie nella gestione delle prestazioni.<a target=\"_blank\" rel=\"noreferrer noopener\" href=\"https:\/\/www.certifico.com\/news\/274-news\/21987-decreto-legge-liste-di-attesa\"><\/a><a target=\"_blank\" rel=\"noreferrer noopener\" href=\"https:\/\/www.quotidianosanita.it\/governo-e-parlamento\/articolo.php?articolo_id=122590\"><\/a>&nbsp;L&#8217;infrastruttura di IA si integrer\u00e0 con le altre misure previste dal decreto, come il CUP unico regionale e il monitoraggio nazionale delle liste d&#8217;attesa, per creare un sistema pi\u00f9 efficiente e trasparente.<a target=\"_blank\" rel=\"noreferrer noopener\" href=\"https:\/\/www.certifico.com\/news\/274-news\/21987-decreto-legge-liste-di-attesa\"><\/a><a target=\"_blank\" rel=\"noreferrer noopener\" href=\"https:\/\/www.aiop.it\/Aiop\/News\/ArtMID\/488\/ArticleID\/6253\/Liste-dattesa-Ecco-il-Piano-Schillaci\"><\/a><a target=\"_blank\" rel=\"noreferrer noopener\" href=\"https:\/\/www.rainews.it\/tgr\/fvg\/articoli\/2024\/06\/sanita-le-misure-per-ridurre-le-liste-dattesa--friuli-venezia-giulai-pordenone-udine-trieste-gorizia-governo-meloni-decreto-liste-dattesa-orazio-schillaci-27d9a379-aed2-47fa-b61f-e2d4ce9adf2e.html\"><\/a><\/p>\n\n\n\n<h2 class=\"wp-block-heading\" id=\"h-obiettivi-della-piattaforma-liste-d-attesa\">Obiettivi della Piattaforma liste d&#8217;attesa<\/h2>\n\n\n<div class=\"wp-block-image\">\n<figure class=\"alignleft is-resized\"><img decoding=\"async\" src=\"https:\/\/www.key4biz.it\/wp-content\/uploads\/2023\/11\/AI-sanita-scaled-e1699369973138-1024x677.jpg\" alt=\"key4biz.it\" style=\"width:470px;height:auto\" \/><\/figure>\n<\/div>\n\n\n<p>La Piattaforma nazionale delle liste di attesa, istituita presso l&#8217;Agenzia Nazionale per i Servizi Sanitari Regionali (Agenas), persegue sei obiettivi principali per garantire l&#8217;efficacia del monitoraggio a livello nazionale:<a target=\"_blank\" rel=\"noreferrer noopener\" href=\"https:\/\/www.dottnet.it\/articolo\/32536655\/liste-d-attesa-via-libera-dal-cdm-al-decreto-e-al-disegno-di-legge-dal-2025-stop-al-tetto-di-spesa-subito-250-mln-per-produttivita-aggiuntiva\"><\/a><a target=\"_blank\" rel=\"noreferrer noopener\" href=\"https:\/\/www.quotidianosanita.it\/governo-e-parlamento\/articolo.php?articolo_id=122650\"><\/a><\/p>\n\n\n\n<p>Misurazione delle prestazioni in lista di attesa sul territorio nazionale: la piattaforma consentir\u00e0 di avere un quadro completo e aggiornato delle prestazioni in attesa in tutto il Paese, fornendo dati aggregati e disaggregati per regione e tipologia di prestazione.<a href=\"https:\/\/www.dottnet.it\/articolo\/32536655\/liste-d-attesa-via-libera-dal-cdm-al-decreto-e-al-disegno-di-legge-dal-2025-stop-al-tetto-di-spesa-subito-250-mln-per-produttivita-aggiuntiva\" target=\"_blank\" rel=\"noreferrer noopener\"><\/a><a href=\"https:\/\/www.quotidianosanita.it\/governo-e-parlamento\/articolo.php?articolo_id=122650\" target=\"_blank\" rel=\"noreferrer noopener\"><\/a><\/p>\n\n\n\n<p>Disponibilit\u00e0 di agende sia per il sistema pubblico che per gli erogatori privati accreditati: la piattaforma includer\u00e0 le agende di prenotazione di tutte le strutture sanitarie, pubbliche e private accreditate, garantendo una visione d&#8217;insieme dell&#8217;offerta assistenziale.<a href=\"https:\/\/www.dottnet.it\/articolo\/32536655\/liste-d-attesa-via-libera-dal-cdm-al-decreto-e-al-disegno-di-legge-dal-2025-stop-al-tetto-di-spesa-subito-250-mln-per-produttivita-aggiuntiva\" target=\"_blank\" rel=\"noreferrer noopener\"><\/a><a href=\"https:\/\/www.quotidianosanita.it\/governo-e-parlamento\/articolo.php?articolo_id=122650\" target=\"_blank\" rel=\"noreferrer noopener\"><\/a><a href=\"https:\/\/www.aiop.it\/Aiop\/News\/ArtMID\/488\/ArticleID\/6253\/Liste-dattesa-Ecco-il-Piano-Schillaci\" target=\"_blank\" rel=\"noreferrer noopener\"><\/a><\/p>\n\n\n\n<p>Verifica del rispetto del divieto di sospensione o di chiusura delle attivit\u00e0 di prenotazione: attraverso il monitoraggio continuo, la piattaforma vigiler\u00e0 sul rispetto dell&#8217;obbligo di mantenere sempre aperte le agende di prenotazione, evitando sospensioni o chiusure ingiustificate.<a href=\"https:\/\/www.dottnet.it\/articolo\/32536655\/liste-d-attesa-via-libera-dal-cdm-al-decreto-e-al-disegno-di-legge-dal-2025-stop-al-tetto-di-spesa-subito-250-mln-per-produttivita-aggiuntiva\" target=\"_blank\" rel=\"noreferrer noopener\"><\/a><a href=\"https:\/\/www.quotidianosanita.it\/governo-e-parlamento\/articolo.php?articolo_id=122650\" target=\"_blank\" rel=\"noreferrer noopener\"><\/a><\/p>\n\n\n\n<p>Modulazione dei tempi di attesa in relazione alle classi di priorit\u00e0: la piattaforma consentir\u00e0 di verificare che i tempi di attesa siano commisurati alle classi di priorit\u00e0 clinica delle prestazioni, garantendo un accesso tempestivo alle cure pi\u00f9 urgenti.<a href=\"https:\/\/www.dottnet.it\/articolo\/32536655\/liste-d-attesa-via-libera-dal-cdm-al-decreto-e-al-disegno-di-legge-dal-2025-stop-al-tetto-di-spesa-subito-250-mln-per-produttivita-aggiuntiva\" target=\"_blank\" rel=\"noreferrer noopener\"><\/a><a href=\"https:\/\/www.quotidianosanita.it\/governo-e-parlamento\/articolo.php?articolo_id=122650\" target=\"_blank\" rel=\"noreferrer noopener\"><\/a><a href=\"https:\/\/www.agi.it\/cronaca\/news\/2024-06-04\/sanita-dl-liste-attesa-prevede-26641166\/\" target=\"_blank\" rel=\"noreferrer noopener\"><\/a><\/p>\n\n\n\n<p>Produttivit\u00e0 con tasso di saturazione delle risorse umane e tecnologiche: attraverso l&#8217;analisi dei dati, la piattaforma permetter\u00e0 di valutare l&#8217;efficienza nell&#8217;utilizzo delle risorse, monitorando il tasso di saturazione del personale e delle apparecchiature disponibili.<a href=\"https:\/\/www.dottnet.it\/articolo\/32536655\/liste-d-attesa-via-libera-dal-cdm-al-decreto-e-al-disegno-di-legge-dal-2025-stop-al-tetto-di-spesa-subito-250-mln-per-produttivita-aggiuntiva\" target=\"_blank\" rel=\"noreferrer noopener\"><\/a><a href=\"https:\/\/www.quotidianosanita.it\/governo-e-parlamento\/articolo.php?articolo_id=122650\" target=\"_blank\" rel=\"noreferrer noopener\"><\/a><\/p>\n\n\n\n<p>Appropriatezza nell&#8217;accesso alle prestazioni: la piattaforma utilizzer\u00e0 anche strumenti di intelligenza artificiale per verificare l&#8217;appropriatezza delle prescrizioni, in coerenza con i criteri dei Raggruppamenti Omogenei di Attesa (RAO) e con le raccomandazioni previste nelle linee guida e nelle buone pratiche clinico-assistenziali.<a href=\"https:\/\/www.dottnet.it\/articolo\/32536655\/liste-d-attesa-via-libera-dal-cdm-al-decreto-e-al-disegno-di-legge-dal-2025-stop-al-tetto-di-spesa-subito-250-mln-per-produttivita-aggiuntiva\" target=\"_blank\" rel=\"noreferrer noopener\"><\/a><a href=\"https:\/\/www.quotidianosanita.it\/governo-e-parlamento\/articolo.php?articolo_id=122650\" target=\"_blank\" rel=\"noreferrer noopener\"><\/a><a href=\"https:\/\/www.fiscoetasse.com\/new-rassegna-stampa\/523-liste-dattesa-visite-mediche-novita-dal-governo.html\" target=\"_blank\" rel=\"noreferrer noopener\"><\/a><\/p>\n\n\n\n<ol class=\"wp-block-list\">\n<li><\/li>\n<\/ol>\n\n\n\n<p>Questa piattaforma ha l&#8217;obiettivo di garantire l&#8217;interoperabilit\u00e0 con le piattaforme per le liste di attesa di ciascuna regione e provincia autonoma. L&#8217;AGENAS \u00e8 autorizzata a trattare i dati personali necessari per la gestione della Piattaforma.<\/p>\n\n\n\n<p><a href=\"https:\/\/www.dottnet.it\/articolo\/32536655\/liste-d-attesa-via-libera-dal-cdm-al-decreto-e-al-disegno-di-legge-dal-2025-stop-al-tetto-di-spesa-subito-250-mln-per-produttivita-aggiuntiva\" target=\"_blank\" rel=\"noreferrer noopener\"><\/a><a href=\"https:\/\/www.aiop.it\/Aiop\/News\/ArtMID\/488\/ArticleID\/6253\/Liste-dattesa-Ecco-il-Piano-Schillaci\" target=\"_blank\" rel=\"noreferrer noopener\"><\/a>&nbsp;Entro 60 giorni dall&#8217;entrata in vigore della legge di conversione del decreto, il Ministro della Salute adotter\u00e0 specifiche linee guida per definire le modalit\u00e0 attuative di tale interoperabilit\u00e0.<\/p>\n\n\n\n<p><a href=\"https:\/\/www.dottnet.it\/articolo\/32536655\/liste-d-attesa-via-libera-dal-cdm-al-decreto-e-al-disegno-di-legge-dal-2025-stop-al-tetto-di-spesa-subito-250-mln-per-produttivita-aggiuntiva\" target=\"_blank\" rel=\"noreferrer noopener\"><\/a><a href=\"https:\/\/www.aiop.it\/Aiop\/News\/ArtMID\/488\/ArticleID\/6253\/Liste-dattesa-Ecco-il-Piano-Schillaci\" target=\"_blank\" rel=\"noreferrer noopener\"><\/a>Non \u00e8 ancora stata comunicata una data precisa per l&#8217;entrata in funzione della piattaforma, ma il decreto prevede una rapida implementazione per affrontare con urgenza il problema delle liste d&#8217;attesa.<a href=\"https:\/\/www.dottnet.it\/articolo\/32536655\/liste-d-attesa-via-libera-dal-cdm-al-decreto-e-al-disegno-di-legge-dal-2025-stop-al-tetto-di-spesa-subito-250-mln-per-produttivita-aggiuntiva\" target=\"_blank\" rel=\"noreferrer noopener\"><\/a><a href=\"https:\/\/www.quotidianosanita.it\/governo-e-parlamento\/articolo.php?articolo_id=122650\" target=\"_blank\" rel=\"noreferrer noopener\"><\/a>&nbsp;Sar\u00e0 fondamentale monitorare l&#8217;effettiva realizzazione di questo strumento e valutarne l&#8217;impatto concreto sulla gestione delle liste d&#8217;attesa e sull&#8217;accessibilit\u00e0 alle cure su tutto il territorio nazionale.<\/p>\n\n\n\n<p>In caso di inefficienze o anomalie emerse dal controllo delle agende di prenotazione, l&#8217;AGENAS pu\u00f2 attuare audit nei confronti delle regioni dove si trovano le aziende sanitarie titolari delle agende, per verificare il corretto funzionamento del sistema di gestione delle liste di attesa.<\/p>\n\n\n\n<h2 class=\"wp-block-heading\" id=\"h-piattaforma-anti-liste-funzionamento-e-tempistiche\">Piattaforma anti-liste: funzionamento e tempistiche<\/h2>\n\n\n<div class=\"wp-block-image\">\n<figure class=\"alignleft is-resized\"><img decoding=\"async\" src=\"https:\/\/www.key4biz.it\/wp-content\/uploads\/2023\/11\/FSE-scaled-e1700036941602-480x240.jpg\" alt=\"key4biz.it\" style=\"width:590px;height:auto\" \/><\/figure>\n<\/div>\n\n\n<p>La Piattaforma nazionale delle liste di attesa, istituita presso l&#8217;Agenzia Nazionale per i Servizi Sanitari Regionali (Agenas), sar\u00e0 alimentata dai dati del flusso informativo &#8220;<strong>Tessera Sanitaria&#8221;<\/strong>, con particolare riferimento ai dati in chiaro della ricetta del Servizio Sanitario Nazionale dematerializzata e ai dati pseudonimizzati riferiti alla spesa sanitaria che confluiscono nella dichiarazione dei redditi precompilata (730), nonch\u00e9 ai dati relativi alle prenotazioni resi disponibili dai CUP regionali.<\/p>\n\n\n\n<p><a href=\"https:\/\/www.key4biz.it\/sanita-anche-lai-per-la-piattaforma-anti-liste-di-attesa\/493487\/\" target=\"_blank\" rel=\"noreferrer noopener\"><\/a><a href=\"https:\/\/www.aiop.it\/Aiop\/News\/ArtMID\/488\/ArticleID\/6253\/Liste-dattesa-Ecco-il-Piano-Schillaci\" target=\"_blank\" rel=\"noreferrer noopener\"><\/a><a href=\"https:\/\/www.ilsole24ore.com\/art\/al-via-cdm-norme-anti-liste-d-attesa-dubbi-regioni-AGVfHoO\" target=\"_blank\" rel=\"noreferrer noopener\"><\/a><strong>L&#8217;interoperabilit\u00e0 tra i diversi livelli<\/strong> \u00e8 un requisito essenziale per il successo dell&#8217;iniziativa, poich\u00e9 consentir\u00e0 di avere una visione d&#8217;insieme delle liste d&#8217;attesa e di intervenire in modo mirato laddove emergano criticit\u00e0.<\/p>\n\n\n\n<p><a href=\"https:\/\/www.quotidianosanita.it\/governo-e-parlamento\/articolo.php?articolo_id=122650\" target=\"_blank\" rel=\"noreferrer noopener\"><\/a><a href=\"https:\/\/www.certifico.com\/news\/274-news\/21987-decreto-legge-liste-di-attesa\" target=\"_blank\" rel=\"noreferrer noopener\"><\/a>A fronte di inefficienze o anomalie emerse a seguito del controllo delle agende di prenotazione, <strong>Agenas potr\u00e0 attuare meccanismi di audit nei confronti delle Regioni<\/strong> nei cui territori insistono le aziende sanitarie titolari delle suddette agende, con finalit\u00e0 di verifica del corretto funzionamento del sistema di gestione delle liste di attesa.<a href=\"https:\/\/www.key4biz.it\/sanita-anche-lai-per-la-piattaforma-anti-liste-di-attesa\/493487\/\" target=\"_blank\" rel=\"noreferrer noopener\"><\/a><a href=\"https:\/\/www.aiop.it\/Aiop\/News\/ArtMID\/488\/ArticleID\/6253\/Liste-dattesa-Ecco-il-Piano-Schillaci\" target=\"_blank\" rel=\"noreferrer noopener\"><\/a>&nbsp;<\/p>\n\n\n\n<p>Questo potere di controllo e intervento rappresenta un elemento chiave per garantire l&#8217;efficacia e la trasparenza del sistema, evitando disparit\u00e0 e disfunzioni a livello locale.<\/p>\n\n\n\n<p><a href=\"https:\/\/www.quotidianosanita.it\/governo-e-parlamento\/articolo.php?articolo_id=122650\" target=\"_blank\" rel=\"noreferrer noopener\"><\/a><a href=\"https:\/\/www.certifico.com\/news\/274-news\/21987-decreto-legge-liste-di-attesa\" target=\"_blank\" rel=\"noreferrer noopener\"><\/a><strong>Non \u00e8 ancora stata comunicata una data precisa per l&#8217;entrata in funzione della Piattaforma, <\/strong>ma il decreto prevede una rapida implementazione per affrontare con urgenza il problema delle liste d&#8217;attesa.<a href=\"https:\/\/www.key4biz.it\/sanita-anche-lai-per-la-piattaforma-anti-liste-di-attesa\/493487\/\" target=\"_blank\" rel=\"noreferrer noopener\"><\/a><a href=\"https:\/\/www.aiop.it\/Aiop\/News\/ArtMID\/488\/ArticleID\/6253\/Liste-dattesa-Ecco-il-Piano-Schillaci\" target=\"_blank\" rel=\"noreferrer noopener\"><\/a>&nbsp;Sar\u00e0 fondamentale monitorare l&#8217;effettiva realizzazione di questo strumento e valutarne l&#8217;impatto concreto sulla gestione delle liste d&#8217;attesa e sull&#8217;accessibilit\u00e0 alle cure su tutto il territorio nazionale.<\/p>\n\n\n\n<h2 class=\"wp-block-heading\" id=\"h-base-giuridica-per-ia-sanitaria\">Base giuridica per IA sanitaria<\/h2>\n\n\n<div class=\"wp-block-image\">\n<figure class=\"alignright is-resized\"><img decoding=\"async\" src=\"https:\/\/www.studiolegaledelliponti.eu\/wp-content\/uploads\/2024\/01\/Intelligenza-artificiale-servizi-sanitari-1047x667.png\" alt=\"studiolegaledelliponti.eu\" style=\"width:537px;height:auto\" \/><\/figure>\n<\/div>\n\n\n<p>L&#8217;articolo 1 del decreto legge sulle liste d&#8217;attesa rappresenta<strong> la base giuridica<\/strong> per l&#8217;implementazione del supporto dell&#8217;intelligenza artificiale alla piattaforma di telemedicina e alla medicina convenzionata, con l&#8217;obiettivo di migliorare l&#8217;appropriatezza prescrittiva dei medici di famiglia e l&#8217;efficientamento delle liste d&#8217;attesa.<\/p>\n\n\n\n<p><a href=\"https:\/\/www.quotidiano.net\/cronaca\/liste-attesa-decreto-legge-cosa-prevede-dp85vv83\" target=\"_blank\" rel=\"noreferrer noopener\"><\/a>Secondo quanto previsto dalla bozza, l&#8217;Agenzia Nazionale per i Servizi Sanitari Regionali (Agenas) sar\u00e0 <strong>titolare del trattamento dei dati personali all&#8217;interno dell&#8217;infrastruttura di IA.<a href=\"https:\/\/www.quotidiano.net\/cronaca\/liste-attesa-decreto-legge-cosa-prevede-dp85vv83\" target=\"_blank\" rel=\"noreferrer noopener\"><\/a>&nbsp;<\/strong><\/p>\n\n\n\n<p>Prima di specificare i tipi di dati trattati e le operazioni eseguite, Agenas dovr\u00e0 ottenere il parere del Ministero della Salute e del Garante per la protezione dei dati personali.<\/p>\n\n\n\n<p><a href=\"https:\/\/www.quotidiano.net\/cronaca\/liste-attesa-decreto-legge-cosa-prevede-dp85vv83\" target=\"_blank\" rel=\"noreferrer noopener\"><\/a>Con un proprio provvedimento, Agenas definir\u00e0 nel dettaglio le modalit\u00e0 di trattamento dei dati, garantendo il livello di sicurezza necessario e la conformit\u00e0 alle disposizioni del Regolamento UE sulla privacy (GDPR).<a href=\"https:\/\/www.quotidiano.net\/cronaca\/liste-attesa-decreto-legge-cosa-prevede-dp85vv83\" target=\"_blank\" rel=\"noreferrer noopener\"><\/a>&nbsp;<\/p>\n\n\n\n<p>Questo passaggio \u00e8 fondamentale per assicurare la tutela dei dati sensibili dei pazienti e il rispetto delle norme in materia di protezione dei dati personali.Un aspetto rilevante di questo capitolo del decreto \u00e8 che non prevede oneri finanziari aggiuntivi.<a href=\"https:\/\/www.quotidiano.net\/cronaca\/liste-attesa-decreto-legge-cosa-prevede-dp85vv83\" target=\"_blank\" rel=\"noreferrer noopener\"><\/a>&nbsp;<\/p>\n\n\n\n<p>L&#8217;implementazione dell&#8217;infrastruttura di IA per la telemedicina e il supporto alla medicina convenzionata avverr\u00e0 quindi con le risorse gi\u00e0 a disposizione, senza gravare ulteriormente sul bilancio pubblico.<\/p>\n\n\n\n<p>L&#8217;integrazione dell&#8217;intelligenza artificiale nella piattaforma di telemedicina e nella pratica clinica dei medici di famiglia rappresenta un passo importante verso la digitalizzazione del sistema sanitario e l&#8217;ottimizzazione dei processi di cura. <\/p>\n\n\n\n<p>Grazie all&#8217;analisi dei dati e all&#8217;elaborazione di suggerimenti mirati, l&#8217;IA potr\u00e0 supportare i medici nel miglioramento dell&#8217;appropriatezza prescrittiva e contribuire alla riduzione delle liste d&#8217;attesa, a beneficio dei pazienti e dell&#8217;efficienza complessiva del sistema.<\/p>\n\n\n\n<h2 class=\"wp-block-heading\" id=\"h-prestazioni-intramoenia-o-private-garantite\">Prestazioni intramoenia o private garantite<\/h2>\n\n\n<div class=\"wp-block-image\">\n<figure class=\"alignleft is-resized\"><img decoding=\"async\" src=\"https:\/\/epiprev.it\/documenti\/get_image.php?img=files%2F2024%2Fpost_blog%2F20240502%2F001-tabella-1-intramoenia.jpg\" alt=\"epiprev.it\" style=\"width:465px;height:auto\" \/><\/figure>\n<\/div>\n\n\n<p>Il decreto legge sulle liste d&#8217;attesa, attualmente in discussione al Consiglio dei Ministri, prevede che se le prestazioni sanitarie non vengono erogate nei tempi previsti dalle vigenti classi di priorit\u00e0, le aziende sanitarie debbano garantire al cittadino la prestazione in intramoenia o attraverso il privato accreditato.<\/p>\n\n\n\n<p><a href=\"https:\/\/www.salute.gov.it\/portale\/professioniSanitarie\/dettaglioContenutiProfessioniSanitarie.jsp?area=qualita&amp;id=3310&amp;lingua=italiano&amp;menu=intramuraria\" target=\"_blank\" rel=\"noreferrer noopener\"><\/a><a href=\"https:\/\/www.certifico.com\/news\/274-news\/21987-decreto-legge-liste-di-attesa\" target=\"_blank\" rel=\"noreferrer noopener\"><\/a>Le modalit\u00e0 specifiche di questa garanzia saranno definite con un decreto del Ministro della Salute, da adottarsi entro 60 giorni dall&#8217;entrata in vigore della legge di conversione del decreto.<a href=\"https:\/\/www.salute.gov.it\/portale\/professioniSanitarie\/dettaglioContenutiProfessioniSanitarie.jsp?area=qualita&amp;id=3310&amp;lingua=italiano&amp;menu=intramuraria\" target=\"_blank\" rel=\"noreferrer noopener\"><\/a><a href=\"https:\/\/www.certifico.com\/news\/274-news\/21987-decreto-legge-liste-di-attesa\" target=\"_blank\" rel=\"noreferrer noopener\"><\/a>&nbsp;<\/p>\n\n\n\n<p>Questo provvedimento ad hoc dettaglier\u00e0 come le aziende sanitarie dovranno procedere per assicurare le prestazioni nei tempi previsti, ricorrendo all&#8217;attivit\u00e0 libero-professionale intramuraria dei propri medici o alle strutture private accreditate.L&#8217;obiettivo \u00e8 evitare che i cittadini subiscano ritardi eccessivi nell&#8217;accesso alle cure a causa delle liste d&#8217;attesa.<\/p>\n\n\n\n<p><a href=\"https:\/\/www.salute.gov.it\/portale\/professioniSanitarie\/dettaglioContenutiProfessioniSanitarie.jsp?area=qualita&amp;id=3310&amp;lingua=italiano&amp;menu=intramuraria\" target=\"_blank\" rel=\"noreferrer noopener\"><\/a>&nbsp;Rendendo obbligatorio per le aziende sanitarie fornire alternative tempestive, il decreto mira a tutelare il diritto alla salute e a garantire l&#8217;erogazione delle prestazioni entro i tempi massimi stabiliti per ciascuna classe di priorit\u00e0.<\/p>\n\n\n\n<p><a href=\"https:\/\/www.nurse24.it\/libera-professione\/lavorare-da-libero-professionista\/intramoenia-normata-libera-professione-intramuraria.html\" target=\"_blank\" rel=\"noreferrer noopener\"><\/a><a href=\"https:\/\/www.diritto.it\/liste-dattesa-possibili-rimedi-previsti-caso-tempi-lunghi\/\" target=\"_blank\" rel=\"noreferrer noopener\"><\/a>Questa misura si affianca alle altre iniziative previste dal decreto, come l&#8217;istituzione del CUP unico regionale, il monitoraggio nazionale delle liste d&#8217;attesa e l&#8217;implementazione di un&#8217;infrastruttura di intelligenza artificiale per supportare la gestione delle prenotazioni.<a href=\"https:\/\/www.salute.gov.it\/portale\/professioniSanitarie\/dettaglioContenutiProfessioniSanitarie.jsp?area=qualita&amp;id=3310&amp;lingua=italiano&amp;menu=intramuraria\" target=\"_blank\" rel=\"noreferrer noopener\"><\/a><a href=\"https:\/\/www.nurse24.it\/libera-professione\/lavorare-da-libero-professionista\/intramoenia-normata-libera-professione-intramuraria.html\" target=\"_blank\" rel=\"noreferrer noopener\"><\/a><a href=\"https:\/\/www.rainews.it\/tgr\/fvg\/articoli\/2024\/06\/sanita-le-misure-per-ridurre-le-liste-dattesa--friuli-venezia-giulai-pordenone-udine-trieste-gorizia-governo-meloni-decreto-liste-dattesa-orazio-schillaci-27d9a379-aed2-47fa-b61f-e2d4ce9adf2e.html\" target=\"_blank\" rel=\"noreferrer noopener\"><\/a>&nbsp;<\/p>\n\n\n\n<p>L&#8217;insieme di questi interventi punta a creare un sistema pi\u00f9 efficiente, trasparente ed equo nell&#8217;accesso alle prestazioni sanitarie.<\/p>\n\n\n\n<h2 class=\"wp-block-heading\" id=\"h-visite-specialistiche-anche-nel-weekend\">Visite specialistiche anche nel weekend<\/h2>\n\n\n<div class=\"wp-block-image\">\n<figure class=\"alignright is-resized\"><img decoding=\"async\" src=\"https:\/\/imgcdn.agendadigitale.eu\/wp-content\/uploads\/2017\/06\/04233206\/sanit%C3%A0_371676070.jpg\" alt=\"agendadigitale.eu\" style=\"width:472px;height:auto\" \/><\/figure>\n<\/div>\n\n\n<p>L&#8217;articolo 4 del decreto legge prevede misure per potenziare l&#8217;offerta assistenziale in relazione alle visite diagnostiche e specialistiche, al fine di garantire il rispetto dei tempi di erogazione delle prestazioni sanitarie ed evitare degenze prolungate dovute alla mancanza di disponibilit\u00e0 per esami diagnostici.<a href=\"https:\/\/www.sanita24.ilsole24ore.com\/pdf2010\/Editrice\/ILSOLE24ORE\/QUOTIDIANO_SANITA\/Online\/_Oggetti_Correlati\/Documenti\/2024\/06\/06\/Liste_buono_DL_4giugno1.pdf?uuid=AFb82dmB\" target=\"_blank\" rel=\"noreferrer noopener\"><\/a>&nbsp;<\/p>\n\n\n\n<p>In particolare, le visite diagnostiche e specialistiche saranno effettuate anche nei giorni di sabato e domenica, con la possibilit\u00e0 di prolungare l&#8217;orario di erogazione delle prestazioni.<\/p>\n\n\n\n<p><a href=\"https:\/\/www.sanita24.ilsole24ore.com\/pdf2010\/Editrice\/ILSOLE24ORE\/QUOTIDIANO_SANITA\/Online\/_Oggetti_Correlati\/Documenti\/2024\/06\/06\/Liste_buono_DL_4giugno1.pdf?uuid=AFb82dmB\" target=\"_blank\" rel=\"noreferrer noopener\"><\/a>I direttori regionali della sanit\u00e0 sono responsabili della vigilanza sull&#8217;attuazione di questa disposizione e devono trasmettere un report specifico alle Direzioni generali competenti del Ministero della Salute.<a href=\"https:\/\/www.sanita24.ilsole24ore.com\/pdf2010\/Editrice\/ILSOLE24ORE\/QUOTIDIANO_SANITA\/Online\/_Oggetti_Correlati\/Documenti\/2024\/06\/06\/Liste_buono_DL_4giugno1.pdf?uuid=AFb82dmB\" target=\"_blank\" rel=\"noreferrer noopener\"><\/a>&nbsp;<\/p>\n\n\n\n<p>Le attivit\u00e0 svolte in base a questa disposizione saranno considerate ai fini dell&#8217;applicazione di misure sanzionatorie e premiali nei confronti dei direttori regionali della sanit\u00e0<\/p>\n\n\n\n<p><a href=\"https:\/\/www.sanita24.ilsole24ore.com\/pdf2010\/Editrice\/ILSOLE24ORE\/QUOTIDIANO_SANITA\/Online\/_Oggetti_Correlati\/Documenti\/2024\/06\/06\/Liste_buono_DL_4giugno1.pdf?uuid=AFb82dmB\" target=\"_blank\" rel=\"noreferrer noopener\"><\/a><\/p>\n\n\n\n<h2 class=\"wp-block-heading\" id=\"h-piu-fondi-a-privati-accreditati\">Pi\u00f9 fondi a privati accreditati<\/h2>\n\n\n<div class=\"wp-block-image\">\n<figure class=\"alignleft\"><img decoding=\"async\" src=\"https:\/\/pplx-res.cloudinary.com\/image\/upload\/v1717838422\/user_uploads\/deoxykxpv\/JbnjImfhhU-0x512.jpg\" alt=\"\" \/><\/figure>\n<\/div>\n\n\n<p>L&#8217;articolo 5 del decreto legge sulle liste d&#8217;attesa prevede un aumento della quota del Fondo Sanitario Nazionale che le Regioni possono utilizzare per l&#8217;acquisto di prestazioni da strutture private accreditate.<a href=\"https:\/\/tg24.sky.it\/politica\/2024\/06\/05\/sanita-liste-attesa-misure-decreto-legge\" target=\"_blank\" rel=\"noreferrer noopener\"><\/a>&nbsp;<\/p>\n\n\n\n<p>A partire dal 2024 e fino all&#8217;adozione dei decreti previsti dal comma 2, i valori della spesa per il personale delle aziende e degli enti del Servizio sanitario nazionale (SSN) delle regioni autorizzati per il 2023 saranno incrementati annualmente a livello regionale. <\/p>\n\n\n\n<p>Questo incremento sar\u00e0 del <strong>10% dell&#8217;aumento del fondo sanitario regionale <\/strong>rispetto all&#8217;anno precedente e, su richiesta della regione, di un ulteriore importo fino <strong>al 5% del medesimo incremento, <\/strong>per un totale massimo del <strong>15% dell&#8217;incremento<\/strong> del fondo sanitario regionale rispetto all&#8217;anno precedente. <\/p>\n\n\n\n<p>Questo incremento sar\u00e0 possibile nel rispetto dell&#8217;equilibrio economico e finanziario del Servizio sanitario regionale e compatibilmente con la programmazione regionale in materia di assunzioni. <\/p>\n\n\n\n<p>L&#8217;incremento massimo del 5% sar\u00e0 autorizzato previa verifica della congruit\u00e0 delle misure compensative della maggiore spesa di personale con decreto del Ministro della salute, di concerto con il Ministro dell\u2019economia e delle finanze, e con l\u2019intesa della Conferenza permanente per i rapporti tra lo Stato, le regioni e le province autonome di Trento e Bolzano. Di conseguenza, dal 2024 non si applicheranno pi\u00f9 le disposizioni precedenti che limitavano la spesa per il personale.<\/p>\n\n\n\n<p><strong>Dal 2025<\/strong>, per determinare la spesa per il personale delle aziende e degli enti del SSN delle regioni, nell\u2019ambito del livello del finanziamento del fabbisogno sanitario nazionale standard cui concorre lo Stato e nel rispetto dell\u2019equilibrio economico e finanziario del Servizio sanitario regionale, saranno adottati uno o pi\u00f9 decreti del Ministro della salute, di concerto con il Ministro dell\u2019economia e delle finanze e previa intesa con la Conferenza permanente per i rapporti tra lo Stato, le regioni e le province autonome di Trento e Bolzano. <\/p>\n\n\n\n<p>Questi decreti definiranno una metodologia per stabilire il fabbisogno di personale degli enti del SSN in coerenza con i valori previsti. <\/p>\n\n\n\n<p><strong>I piani triennali dei fabbisogni<\/strong> per il servizio sanitario regionale, predisposti dalle regioni sulla base di questa metodologia, saranno approvati con decreto del Ministro della salute, di concerto con il Ministro dell\u2019economia e delle finanze, previa intesa con la Conferenza permanente per i rapporti tra lo Stato, le regioni e le province autonome di Trento e Bolzano, per verificare la congruit\u00e0 finanziaria.<\/p>\n\n\n\n<p><a href=\"https:\/\/tg24.sky.it\/politica\/2024\/06\/05\/sanita-liste-attesa-misure-decreto-legge\" target=\"_blank\" rel=\"noreferrer noopener\"><\/a>Questo passaggio mira a potenziare la collaborazione tra il sistema sanitario pubblico e le strutture private convenzionate, al fine di ridurre le liste d&#8217;attesa e garantire una maggiore accessibilit\u00e0 alle cure.<a href=\"https:\/\/www.certifico.com\/news\/274-news\/21987-decreto-legge-liste-di-attesa\" target=\"_blank\" rel=\"noreferrer noopener\"><\/a><a href=\"https:\/\/www.quotidianosanita.it\/governo-e-parlamento\/articolo.php?articolo_id=122620\" target=\"_blank\" rel=\"noreferrer noopener\"><\/a>&nbsp;<\/p>\n\n\n\n<p>Aumentando le risorse destinabili all&#8217;acquisto di prestazioni dal privato accreditato, le Regioni avranno pi\u00f9 flessibilit\u00e0 nel far fronte alla domanda di servizi sanitari e nel colmare eventuali carenze dell&#8217;offerta pubblica.<\/p>\n\n\n\n<p><a href=\"https:\/\/tg24.sky.it\/politica\/2024\/06\/05\/sanita-liste-attesa-misure-decreto-legge\" target=\"_blank\" rel=\"noreferrer noopener\"><\/a>Questa disposizione riconosce il ruolo cruciale delle strutture private accreditate nell&#8217;ambito dell&#8217;emergenza-urgenza e delle patologie tempo-dipendenti, come l&#8217;infarto miocardico acuto, l&#8217;ictus e i traumi maggiori.<a href=\"https:\/\/www.quotidianosanita.it\/governo-e-parlamento\/articolo.php?articolo_id=122620\" target=\"_blank\" rel=\"noreferrer noopener\"><\/a><a href=\"https:\/\/www.diritto.it\/liste-dattesa-possibili-rimedi-previsti-caso-tempi-lunghi\/\" target=\"_blank\" rel=\"noreferrer noopener\"><\/a>&nbsp;<\/p>\n\n\n\n<p>Destinando prioritariamente le risorse a queste prestazioni, si punta a garantire una risposta tempestiva e adeguata alle situazioni cliniche pi\u00f9 critiche, indipendentemente dalla natura pubblica o privata della struttura erogatrice.<\/p>\n\n\n\n<p><a href=\"https:\/\/www.quotidianosanita.it\/governo-e-parlamento\/articolo.php?articolo_id=122620\" target=\"_blank\" rel=\"noreferrer noopener\"><\/a><a href=\"https:\/\/www.diritto.it\/liste-dattesa-possibili-rimedi-previsti-caso-tempi-lunghi\/\" target=\"_blank\" rel=\"noreferrer noopener\"><\/a>L&#8217;incremento della quota destinabile al privato accreditato e la priorit\u00e0 assegnata alle prestazioni di emergenza-urgenza rappresentano due misure complementari per migliorare l&#8217;accessibilit\u00e0 e la qualit\u00e0 delle cure, riducendo i tempi d&#8217;attesa e assicurando un&#8217;assistenza appropriata ai pazienti in condizioni di maggiore criticit\u00e0.<a href=\"https:\/\/www.certifico.com\/news\/274-news\/21987-decreto-legge-liste-di-attesa\" target=\"_blank\" rel=\"noreferrer noopener\"><\/a><a href=\"https:\/\/www.rainews.it\/tgr\/fvg\/articoli\/2024\/06\/sanita-le-misure-per-ridurre-le-liste-dattesa--friuli-venezia-giulai-pordenone-udine-trieste-gorizia-governo-meloni-decreto-liste-dattesa-orazio-schillaci-27d9a379-aed2-47fa-b61f-e2d4ce9adf2e.html\" target=\"_blank\" rel=\"noreferrer noopener\"><\/a><a href=\"https:\/\/www.diritto.it\/liste-dattesa-possibili-rimedi-previsti-caso-tempi-lunghi\/\" target=\"_blank\" rel=\"noreferrer noopener\"><\/a>&nbsp;Sar\u00e0 importante monitorare l&#8217;attuazione di queste disposizioni e valutarne l&#8217;impatto effettivo sulla performance del sistema sanitario e sulla salute dei cittadini.<\/p>\n\n\n\n<h2 class=\"wp-block-heading\" id=\"h-obbligo-iscrizione-piattaforma-per-convenzioni\">Obbligo iscrizione piattaforma per convenzioni<\/h2>\n\n\n<div class=\"wp-block-image\">\n<figure class=\"alignright is-resized\"><img decoding=\"async\" src=\"https:\/\/www.unitel.it\/images\/_0b4a1cde-b3aa-4701-8342-39152a1564ae.jpg\" alt=\"unitel.it\" style=\"width:336px;height:auto\" \/><\/figure>\n<\/div>\n\n\n<p>Il decreto legge sulle liste d&#8217;attesa prevede l&#8217;obbligo per gli erogatori pubblici e privati accreditati, sia ospedalieri che ambulatoriali, di iscriversi alla Piattaforma nazionale delle liste di attesa, a pena di nullit\u00e0 per la stipula delle convenzioni.<a href=\"https:\/\/www.quotidianosanita.it\/governo-e-parlamento\/articolo.php?articolo_id=122590\" target=\"_blank\" rel=\"noreferrer noopener\"><\/a><a href=\"https:\/\/www.key4biz.it\/sanita-anche-lai-per-la-piattaforma-anti-liste-di-attesa\/493487\/\" target=\"_blank\" rel=\"noreferrer noopener\"><\/a>&nbsp;<\/p>\n\n\n\n<p>Questa misura mira a garantire la completa adesione di tutte le strutture sanitarie al sistema di monitoraggio e gestione delle liste d&#8217;attesa, evitando disparit\u00e0 e zone d&#8217;ombra.<a href=\"https:\/\/www.key4biz.it\/sanita-anche-lai-per-la-piattaforma-anti-liste-di-attesa\/493487\/\" target=\"_blank\" rel=\"noreferrer noopener\"><\/a><a href=\"https:\/\/www.aiop.it\/Aiop\/News\/ArtMID\/488\/ArticleID\/6253\/Liste-dattesa-Ecco-il-Piano-Schillaci\" target=\"_blank\" rel=\"noreferrer noopener\"><\/a>Inoltre, il decreto promuove l&#8217;attivazione di soluzioni digitali da parte delle Regioni e delle Province autonome di Trento e Bolzano per consentire ai cittadini di prenotare e disdire autonomamente gli appuntamenti, nonch\u00e9 di effettuare il pagamento del ticket ove previsto.<a href=\"https:\/\/www.quotidianosanita.it\/governo-e-parlamento\/articolo.php?articolo_id=122590\" target=\"_blank\" rel=\"noreferrer noopener\"><\/a><a href=\"https:\/\/www.key4biz.it\/sanita-anche-lai-per-la-piattaforma-anti-liste-di-attesa\/493487\/\" target=\"_blank\" rel=\"noreferrer noopener\"><\/a>&nbsp;<\/p>\n\n\n\n<p>Queste modalit\u00e0 digitali rappresentano un importante passo avanti verso la semplificazione e la trasparenza del processo di prenotazione, riducendo gli oneri burocratici per gli assistiti.<a href=\"https:\/\/www.aiop.it\/Aiop\/News\/ArtMID\/488\/ArticleID\/6253\/Liste-dattesa-Ecco-il-Piano-Schillaci\" target=\"_blank\" rel=\"noreferrer noopener\"><\/a><a href=\"https:\/\/www.ilsole24ore.com\/art\/al-via-cdm-norme-anti-liste-d-attesa-dubbi-regioni-AGVfHoO\" target=\"_blank\" rel=\"noreferrer noopener\"><\/a>Il Centro Unico di Prenotazione (CUP), unico a livello regionale o infraregionale, dovr\u00e0 attivare un sistema di disdetta delle prenotazioni per ricordare all&#8217;assistito la data di erogazione della prestazione e richiedere la conferma o la cancellazione della prenotazione effettuata, da effettuarsi almeno due giorni lavorativi prima dell&#8217;erogazione della prestazione, anche in modalit\u00e0 da remoto.<a href=\"https:\/\/www.quotidianosanita.it\/governo-e-parlamento\/articolo.php?articolo_id=122590\" target=\"_blank\" rel=\"noreferrer noopener\"><\/a><a href=\"https:\/\/www.key4biz.it\/sanita-anche-lai-per-la-piattaforma-anti-liste-di-attesa\/493487\/\" target=\"_blank\" rel=\"noreferrer noopener\"><\/a>&nbsp;<\/p>\n\n\n\n<p>Questo sistema di recall mira a ridurre il fenomeno delle mancate presentazioni e a ottimizzare l&#8217;utilizzo delle risorse disponibili.<\/p>\n\n\n\n<p><a href=\"https:\/\/www.ilsole24ore.com\/art\/al-via-cdm-norme-anti-liste-d-attesa-dubbi-regioni-AGVfHoO\" target=\"_blank\" rel=\"noreferrer noopener\"><\/a><a href=\"https:\/\/www.ildiariodellavoro.it\/sanita-decreto-anti-liste-le-misure\/\" target=\"_blank\" rel=\"noreferrer noopener\"><\/a>Inoltre, il CUP dovr\u00e0 implementare sistemi di ottimizzazione delle agende di prenotazione, secondo le indicazioni tecniche contenute in Linee di indirizzo a livello nazionale, adottate con decreto del Ministro della Salute, previa intesa in sede di Conferenza permanente per i rapporti tra lo Stato, le Regioni e le Province autonome di Trento e Bolzano.<a href=\"https:\/\/www.quotidianosanita.it\/governo-e-parlamento\/articolo.php?articolo_id=122590\" target=\"_blank\" rel=\"noreferrer noopener\"><\/a><a href=\"https:\/\/www.key4biz.it\/sanita-anche-lai-per-la-piattaforma-anti-liste-di-attesa\/493487\/\" target=\"_blank\" rel=\"noreferrer noopener\"><\/a><\/p>\n\n\n\n<p>Queste linee guida garantiranno l&#8217;uniformit\u00e0 e l&#8217;efficienza del sistema su tutto il territorio nazionale.<\/p>\n\n\n\n<p><a href=\"https:\/\/www.aiop.it\/Aiop\/News\/ArtMID\/488\/ArticleID\/6253\/Liste-dattesa-Ecco-il-Piano-Schillaci\" target=\"_blank\" rel=\"noreferrer noopener\"><\/a><a href=\"https:\/\/www.ilsole24ore.com\/art\/al-via-cdm-norme-anti-liste-d-attesa-dubbi-regioni-AGVfHoO\" target=\"_blank\" rel=\"noreferrer noopener\"><\/a>Infine, il decreto prevede che l&#8217;inadempienza contrattuale da parte dei soggetti affidatari dello sviluppo del CUP di una regione, definitivamente accertata, costituisca illecito professionale grave.<a href=\"https:\/\/www.quotidianosanita.it\/governo-e-parlamento\/articolo.php?articolo_id=122590\" target=\"_blank\" rel=\"noreferrer noopener\"><\/a><a href=\"https:\/\/www.key4biz.it\/sanita-anche-lai-per-la-piattaforma-anti-liste-di-attesa\/493487\/\" target=\"_blank\" rel=\"noreferrer noopener\"><\/a>&nbsp;In tal caso, l&#8217;esclusione sar\u00e0 disposta dalle gare avviate in qualsiasi regione, a tutela dell&#8217;integrit\u00e0 e dell&#8217;affidabilit\u00e0 del sistema.<\/p>\n\n\n\n<p><a href=\"https:\/\/www.ilsole24ore.com\/art\/al-via-cdm-norme-anti-liste-d-attesa-dubbi-regioni-AGVfHoO\" target=\"_blank\" rel=\"noreferrer noopener\"><\/a><a href=\"https:\/\/www.ildiariodellavoro.it\/sanita-decreto-anti-liste-le-misure\/\" target=\"_blank\" rel=\"noreferrer noopener\"><\/a>Queste misure, nel loro insieme, mirano a creare un sistema di gestione delle liste d&#8217;attesa pi\u00f9 efficiente, trasparente e uniforme su tutto il territorio nazionale, responsabilizzando tutti gli attori coinvolti e sfruttando appieno le potenzialit\u00e0 delle tecnologie digitali.<\/p>\n\n\n\n<h2 class=\"wp-block-heading\" id=\"h-piano-d-azione-per-servizi-sanitari-ulteriori-misure-per-il-potenziamento-dell-offerta-assistenziale-e-il-rafforzamento-dei-dipartimenti-di-salute-mentale\">Piano d&#8217;azione per servizi sanitari &#8211; <strong> Ulteriori misure per il potenziamento dell\u2019offerta assistenziale e il rafforzamento dei Dipartimenti di salute mentale<\/strong><\/h2>\n\n\n<div class=\"wp-block-image\">\n<figure class=\"alignleft is-resized\"><img decoding=\"async\" src=\"https:\/\/www.certifico.com\/images\/news2024\/Decreto-Legge-Liste-di-attesa.png\" alt=\"certifico.com\" style=\"width:318px;height:auto\" \/><\/figure>\n<\/div>\n\n\n<p><\/p>\n\n\n\n<p>Per le regioni che partecipano al Programma Nazionale Equit\u00e0 nella Salute 2021-2027, entro sessanta giorni dall&#8217;entrata in vigore della legge di conversione del presente decreto, sar\u00e0 definito un piano d&#8217;azione con decreto del Ministro della salute, di concerto con il Ministro per gli affari europei, il Sud, le politiche di coesione e il PNRR. <\/p>\n\n\n\n<p>Questo piano, finanziato con le risorse del Programma, mira a rafforzare la capacit\u00e0 di erogazione dei servizi sanitari e ad aumentare l&#8217;utilizzo dei servizi sanitari e sociosanitari sul territorio, rispettando le procedure, i vincoli territoriali, programmatici e finanziari previsti dalla programmazione 2021-2027 e i criteri di ammissibilit\u00e0 del Programma stesso.<\/p>\n\n\n\n<p>Il piano d&#8217;azione individua specifiche iniziative, in particolare per i servizi sanitari e sociosanitari erogati a domicilio o in ambulatorio, per le attivit\u00e0 svolte dai Dipartimenti di salute mentale (DSM), dai Consultori Familiari (CF) e dai Punti per gli screening oncologici. <\/p>\n\n\n\n<p><strong>Queste iniziative includono:<\/strong><br>a) Investimenti nelle infrastrutture tecnologiche destinate all&#8217;erogazione di servizi sanitari o sociosanitari;<br>b) Investimenti per l&#8217;adeguamento infrastrutturale e il potenziamento tecnologico dei Dipartimenti di salute mentale, dei Consultori familiari e dei Punti screening;<br>c) Investimenti per sostituire, ammodernare o implementare le attrezzature informatiche, tecnologiche e diagnostiche destinate all&#8217;erogazione di servizi sanitari o sociosanitari;<br>d) Formazione degli operatori sanitari per:<br>1) Sperimentazione di progetti terapeutico-riabilitativi personalizzati in tutti i Dipartimenti di salute mentale delle regioni partecipanti, in collaborazione con i servizi sociali dei comuni e degli enti del terzo settore;<br>2) Sperimentazione di modelli organizzativi e percorsi diagnostico-terapeutici assistenziali specifici per i Consultori familiari;<br>3) Sviluppo di metodologie e strumenti per l&#8217;integrazione e l&#8217;aggiornamento continuo delle liste anagrafiche degli inviti ai test di screening, per includere anche la popolazione in condizioni di vulnerabilit\u00e0 socio-economica;<br>4) Sperimentazione di modelli organizzativi per migliorare l&#8217;organizzazione dei servizi di screening.<\/p>\n\n\n\n<h2 class=\"wp-block-heading\" id=\"h-incentivi-fiscali-per-prestazioni-aggiuntive\">Incentivi fiscali per prestazioni aggiuntive<\/h2>\n\n\n<div class=\"wp-block-image\">\n<figure class=\"alignright is-resized\"><img decoding=\"async\" src=\"https:\/\/www.gimbe.org\/download\/Tabella01_20231116.png\" alt=\"gimbe.org\" style=\"width:406px;height:auto\" \/><\/figure>\n<\/div>\n\n\n<p>Il disegno di legge sulle liste d&#8217;attesa prevede un aumento del 20% della tariffa oraria per le prestazioni aggiuntive svolte dal personale sanitario, con l&#8217;obiettivo di incentivare l&#8217;erogazione di servizi extra per ridurre i tempi di attesa.<a href=\"https:\/\/www.milanotoday.it\/economia\/aumenta-tariffe-orarie-stipendi-sanitari.html\" target=\"_blank\" rel=\"noreferrer noopener\"><\/a><a href=\"https:\/\/temi.camera.it\/leg19\/post\/misure-per-fronteggiare-la-carenza-di-personale-sanitario.html\" target=\"_blank\" rel=\"noreferrer noopener\"><\/a>&nbsp;<\/p>\n\n\n\n<p>Questa misura si affianca a una decontribuzione fiscale, con l&#8217;applicazione di una tassazione separata ad aliquota fissa del 15% per i compensi derivanti da tali prestazioni.<\/p>\n\n\n\n<p><a href=\"https:\/\/www.milanotoday.it\/economia\/aumenta-tariffe-orarie-stipendi-sanitari.html\" target=\"_blank\" rel=\"noreferrer noopener\"><\/a><a href=\"https:\/\/temi.camera.it\/leg19\/post\/misure-per-fronteggiare-la-carenza-di-personale-sanitario.html\" target=\"_blank\" rel=\"noreferrer noopener\"><\/a>Secondo quanto emerge dalle ultime bozze circolate, il DDL punta a introdurre queste misure economiche dedicate al personale sanitario come parte di un pacchetto pi\u00f9 ampio di garanzie sui tempi di erogazione delle prestazioni sanitarie.<a href=\"https:\/\/www.milanotoday.it\/economia\/aumenta-tariffe-orarie-stipendi-sanitari.html\" target=\"_blank\" rel=\"noreferrer noopener\"><\/a>&nbsp;<\/p>\n\n\n\n<p>L&#8217;aumento della tariffa oraria e il regime fiscale agevolato mirano a rendere pi\u00f9 attrattivo per i professionisti lo svolgimento di attivit\u00e0 aggiuntive, incentivandoli a dedicare pi\u00f9 tempo alla riduzione delle liste d&#8217;attesa.<\/p>\n\n\n\n<p><a href=\"https:\/\/temi.camera.it\/leg19\/post\/misure-per-fronteggiare-la-carenza-di-personale-sanitario.html\" target=\"_blank\" rel=\"noreferrer noopener\"><\/a><a href=\"https:\/\/www.quotidianosanita.it\/regioni-e-asl\/articolo.php?articolo_id=122374\" target=\"_blank\" rel=\"noreferrer noopener\"><\/a>Inoltre, le bozze fanno riferimento anche alla possibilit\u00e0 per le Regioni di destinare risorse aggiuntive alla contrattazione collettiva integrativa, privilegiando le specialit\u00e0 mediche pi\u00f9 carenti o caratterizzate da condizioni di lavoro pi\u00f9 disagiate.<a href=\"https:\/\/www.milanotoday.it\/economia\/aumenta-tariffe-orarie-stipendi-sanitari.html\" target=\"_blank\" rel=\"noreferrer noopener\"><\/a>&nbsp;<\/p>\n\n\n\n<p>Questa <strong>&#8220;indennit\u00e0 di disagio<\/strong>&#8221; rappresenterebbe un ulteriore strumento per attrarre e trattenere il personale sanitario in settori critici, migliorando la copertura dei servizi e riducendo i tempi di attesa.<a href=\"https:\/\/www.quotidianosanita.it\/regioni-e-asl\/articolo.php?articolo_id=122374\" target=\"_blank\" rel=\"noreferrer noopener\"><\/a><a href=\"https:\/\/www.lombardianotizie.online\/tariffe-prestazioni-sanitari\/\" target=\"_blank\" rel=\"noreferrer noopener\"><\/a>L&#8217;insieme di queste misure economiche mira a valorizzare l&#8217;impegno del personale sanitario, riconoscendo il carico di lavoro aggiuntivo necessario per affrontare il problema delle liste d&#8217;attesa.<a href=\"https:\/\/temi.camera.it\/leg19\/post\/misure-per-fronteggiare-la-carenza-di-personale-sanitario.html\" target=\"_blank\" rel=\"noreferrer noopener\"><\/a><a href=\"https:\/\/www.lombardianotizie.online\/tariffe-prestazioni-sanitari\/\" target=\"_blank\" rel=\"noreferrer noopener\"><\/a>&nbsp;<\/p>\n\n\n\n<p>Incentivando la partecipazione dei professionisti alle attivit\u00e0 extra e sostenendo le specialit\u00e0 pi\u00f9 in sofferenza, il DDL punta a creare le condizioni per un&#8217;erogazione pi\u00f9 tempestiva ed efficiente delle prestazioni sanitarie.<a href=\"https:\/\/www.quotidianosanita.it\/regioni-e-asl\/articolo.php?articolo_id=122374\" target=\"_blank\" rel=\"noreferrer noopener\"><\/a><a href=\"https:\/\/www.ilmattino.it\/primopiano\/sanita\/liste_attesa_aumento_tariffe_medici_esami_weeend_sanzioni_direttori_novita_articoli_decreto-8160244.html\" target=\"_blank\" rel=\"noreferrer noopener\"><\/a>Sar\u00e0 importante monitorare l&#8217;attuazione di queste disposizioni e valutarne l&#8217;impatto effettivo sulla motivazione del personale e sulla riduzione dei tempi di attesa, garantendo al contempo un uso efficiente delle risorse pubbliche e un&#8217;equa distribuzione dei benefici tra le diverse categorie di professionisti sanitari.<a href=\"https:\/\/www.lombardianotizie.online\/tariffe-prestazioni-sanitari\/\" target=\"_blank\" rel=\"noreferrer noopener\"><\/a><a href=\"https:\/\/www.ilmattino.it\/primopiano\/sanita\/liste_attesa_aumento_tariffe_medici_esami_weeend_sanzioni_direttori_novita_articoli_decreto-8160244.html\" target=\"_blank\" rel=\"noreferrer noopener\"><\/a><\/p>\n\n\n\n<h2 class=\"wp-block-heading\" id=\"h-piu-fondi-per-specialisti-ambulatoriali\">Pi\u00f9 fondi per specialisti ambulatoriali<\/h2>\n\n\n<div class=\"wp-block-image\">\n<figure class=\"alignleft is-resized\"><img decoding=\"async\" src=\"https:\/\/www.quotidianosanita.it\/img_prima\/1717596664.jpeg\" alt=\"quotidianosanita.it\" style=\"width:276px;height:auto\" \/><\/figure>\n<\/div>\n\n\n<p>Il disegno di legge sulle liste d&#8217;attesa prevede ulteriori misure per coinvolgere gli specialisti ambulatoriali interni nel recupero delle prestazioni arretrate. In particolare, si ipotizza uno stanziamento di <strong>100 milioni di euro<\/strong> per aumentare a 100 euro la tariffa oraria per le prestazioni erogate da questi professionisti.<\/p>\n\n\n\n<p>L&#8217;obiettivo \u00e8 incentivare gli specialisti ambulatoriali a dedicare pi\u00f9 tempo alle attivit\u00e0 di recupero delle liste d&#8217;attesa, riconoscendo adeguatamente il loro impegno.<a href=\"https:\/\/www.camera.it\/temiap\/temi17\/Quid2.pdf\" target=\"_blank\" rel=\"noreferrer noopener\"><\/a><a href=\"https:\/\/temi.camera.it\/leg19\/post\/misure-per-fronteggiare-la-carenza-di-personale-sanitario.html\" target=\"_blank\" rel=\"noreferrer noopener\"><\/a>&nbsp;L&#8217;aumento della tariffa oraria a 100 euro rappresenterebbe un segnale concreto di valorizzazione del loro ruolo e potrebbe attrarre pi\u00f9 professionisti verso queste attivit\u00e0.<\/p>\n\n\n\n<p><a href=\"https:\/\/temi.camera.it\/leg19\/post\/misure-per-fronteggiare-la-carenza-di-personale-sanitario.html\" target=\"_blank\" rel=\"noreferrer noopener\"><\/a><a href=\"https:\/\/www.lombardianotizie.online\/tariffe-prestazioni-sanitari\/\" target=\"_blank\" rel=\"noreferrer noopener\"><\/a>Inoltre, il DDL prevede di alzare fino a 10 ore settimanali le quote degli incarichi libero-professionali per gli specializzandi.<a href=\"https:\/\/www.camera.it\/temiap\/temi17\/Quid2.pdf\" target=\"_blank\" rel=\"noreferrer noopener\"><\/a>&nbsp;Questa misura mira a coinvolgere maggiormente i medici in formazione specialistica nella riduzione delle liste d&#8217;attesa, consentendo loro di svolgere pi\u00f9 attivit\u00e0 al di fuori del percorso formativo.<\/p>\n\n\n\n<p><a href=\"https:\/\/www.lombardianotizie.online\/tariffe-prestazioni-sanitari\/\" target=\"_blank\" rel=\"noreferrer noopener\"><\/a><a href=\"http:\/\/www.aslsanluri.it\/documenti\/6_439_20171229113845.pdf\" target=\"_blank\" rel=\"noreferrer noopener\"><\/a>Aumentando il limite orario per gli incarichi libero-professionali, si crea un bacino di risorse aggiuntive per affrontare il problema dei tempi di attesa, valorizzando al contempo le competenze degli specializzandi e offrendo loro opportunit\u00e0 di esperienza sul campo.<\/p>\n\n\n\n<p><a href=\"http:\/\/www.aslsanluri.it\/documenti\/6_439_20171229113845.pdf\" target=\"_blank\" rel=\"noreferrer noopener\"><\/a><a href=\"https:\/\/www.quotidianosanita.it\/governo-e-parlamento\/articolo.php?approfondimento_id=19321\" target=\"_blank\" rel=\"noreferrer noopener\"><\/a>Queste disposizioni si affiancano alle altre misure previste dal DDL, come l&#8217;aumento della tariffa oraria per le prestazioni aggiuntive e la decontribuzione fiscale, creando un quadro organico di interventi volti a potenziare l&#8217;offerta di servizi sanitari e ridurre i tempi di attesa.<\/p>\n\n\n\n<p><a href=\"https:\/\/www.camera.it\/temiap\/temi17\/Quid2.pdf\" target=\"_blank\" rel=\"noreferrer noopener\"><\/a><a href=\"https:\/\/temi.camera.it\/leg19\/post\/misure-per-fronteggiare-la-carenza-di-personale-sanitario.html\" target=\"_blank\" rel=\"noreferrer noopener\"><\/a><a href=\"https:\/\/www.lombardianotizie.online\/tariffe-prestazioni-sanitari\/\" target=\"_blank\" rel=\"noreferrer noopener\"><\/a>Sar\u00e0 fondamentale monitorare l&#8217;attuazione di queste misure e valutarne l&#8217;impatto effettivo sulla partecipazione degli specialisti ambulatoriali e degli specializzandi alle attivit\u00e0 di recupero, verificando che le risorse stanziate siano sufficienti e che i benefici siano equamente distribuiti tra le diverse figure professionali coinvolte.<a href=\"http:\/\/www.aslsanluri.it\/documenti\/6_439_20171229113845.pdf\" target=\"_blank\" rel=\"noreferrer noopener\"><\/a><a href=\"https:\/\/www.quotidianosanita.it\/governo-e-parlamento\/articolo.php?approfondimento_id=19321\" target=\"_blank\" rel=\"noreferrer noopener\"><\/a><\/p>\n\n\n\n<h2 class=\"wp-block-heading\" id=\"h-contratti-autonomi-contro-gettonisti\">Contratti autonomi contro gettonisti<\/h2>\n\n\n<div class=\"wp-block-image\">\n<figure class=\"alignright is-resized\"><img decoding=\"async\" src=\"https:\/\/www.sivempveneto.it\/wp-content\/uploads\/2023\/05\/scarlattins-1.webp\" alt=\"\" style=\"width:417px;height:auto\" \/><\/figure>\n<\/div>\n\n\n<p>Il disegno di legge sulle liste d&#8217;attesa prevede anche una misura volta a frenare il fenomeno del ricorso ai cosiddetti &#8220;<strong>gettonisti<\/strong>&#8220;, ovvero i medici delle cooperative private a cui gli ospedali si rivolgono per far fronte alla carenza di personale.<a href=\"https:\/\/www.key4biz.it\/sanita-e-ai-schillaci-in-arrivo-una-piattaforma-nazionale-per-tagliare-le-liste-dattesa\/492957\/\" target=\"_blank\" rel=\"noreferrer noopener\"><\/a><a href=\"https:\/\/www.ilfattoquotidiano.it\/2024\/06\/04\/liste-dattesa-il-cdm-vara-un-decreto-e-un-ddl-il-pd-fuffa-elettorale-la-lega-fine-dellera-speranza-cosa-prevedono-le-norme\/7574069\/\" target=\"_blank\" rel=\"noreferrer noopener\"><\/a>&nbsp;<\/p>\n\n\n\n<p>Si tratta della possibilit\u00e0 per le aziende sanitarie di assumere personale anche con contratti di lavoro autonomo<\/p>\n\n\n\n<p>.<a href=\"https:\/\/www.key4biz.it\/sanita-e-ai-schillaci-in-arrivo-una-piattaforma-nazionale-per-tagliare-le-liste-dattesa\/492957\/\" target=\"_blank\" rel=\"noreferrer noopener\"><\/a><a href=\"https:\/\/www.ilfattoquotidiano.it\/2024\/06\/04\/liste-dattesa-il-cdm-vara-un-decreto-e-un-ddl-il-pd-fuffa-elettorale-la-lega-fine-dellera-speranza-cosa-prevedono-le-norme\/7574069\/\" target=\"_blank\" rel=\"noreferrer noopener\"><\/a><a href=\"https:\/\/www.lagazzettadelmezzogiorno.it\/news\/in-salute\/1510335\/ddl-liste-attesa-registro-segnalazioni-ed-esami-da-medico-famiglia-e-farmacie.html\" target=\"_blank\" rel=\"noreferrer noopener\"><\/a>Questa disposizione mira a offrire alle strutture sanitarie uno strumento pi\u00f9 flessibile per reclutare professionisti, senza dover necessariamente ricorrere alle cooperative esterne.<a href=\"https:\/\/www.ilfattoquotidiano.it\/2024\/06\/04\/liste-dattesa-il-cdm-vara-un-decreto-e-un-ddl-il-pd-fuffa-elettorale-la-lega-fine-dellera-speranza-cosa-prevedono-le-norme\/7574069\/\" target=\"_blank\" rel=\"noreferrer noopener\"><\/a><a href=\"https:\/\/www.ilfattoquotidiano.it\/2024\/04\/17\/nel-decreto-pnrr-nuove-misure-per-sostituire-i-medici-gettonisti-con-gli-specializzandi-bene-ma-i-problemi-di-fondo-restano-irrisolti\/7515733\/\" target=\"_blank\" rel=\"noreferrer noopener\"><\/a>&nbsp;<\/p>\n\n\n\n<p>Consentendo l&#8217;assunzione diretta di personale con contratti di lavoro autonomo, si punta a internalizzare le competenze necessarie e a stabilizzare l&#8217;organico, riducendo la dipendenza dai gettonisti.<a href=\"https:\/\/www.lagazzettadelmezzogiorno.it\/news\/in-salute\/1510335\/ddl-liste-attesa-registro-segnalazioni-ed-esami-da-medico-famiglia-e-farmacie.html\" target=\"_blank\" rel=\"noreferrer noopener\"><\/a><a href=\"https:\/\/www.ilfattoquotidiano.it\/2024\/04\/17\/nel-decreto-pnrr-nuove-misure-per-sostituire-i-medici-gettonisti-con-gli-specializzandi-bene-ma-i-problemi-di-fondo-restano-irrisolti\/7515733\/\" target=\"_blank\" rel=\"noreferrer noopener\"><\/a>Il fenomeno dei gettonisti si \u00e8 intensificato negli ultimi anni a causa della crescente carenza di medici e infermieri nel sistema sanitario pubblico.<a href=\"https:\/\/www.ilfattoquotidiano.it\/2024\/06\/04\/liste-dattesa-il-cdm-vara-un-decreto-e-un-ddl-il-pd-fuffa-elettorale-la-lega-fine-dellera-speranza-cosa-prevedono-le-norme\/7574069\/\" target=\"_blank\" rel=\"noreferrer noopener\"><\/a><a href=\"https:\/\/www.quotidianosanita.it\/governo-e-parlamento\/articolo.php?approfondimento_id=19321\" target=\"_blank\" rel=\"noreferrer noopener\"><\/a>&nbsp;<\/p>\n\n\n\n<p>Tuttavia, il ricorso a queste figure esterne comporta costi elevati per le aziende sanitarie e pu\u00f2 compromettere la continuit\u00e0 e la qualit\u00e0 dell&#8217;assistenza, poich\u00e9 i professionisti delle cooperative spesso lavorano a rotazione e hanno una conoscenza limitata del contesto organizzativo.<\/p>\n\n\n\n<p><a href=\"https:\/\/www.ilfattoquotidiano.it\/2024\/04\/17\/nel-decreto-pnrr-nuove-misure-per-sostituire-i-medici-gettonisti-con-gli-specializzandi-bene-ma-i-problemi-di-fondo-restano-irrisolti\/7515733\/\" target=\"_blank\" rel=\"noreferrer noopener\"><\/a><a href=\"https:\/\/www.quotidianosanita.it\/governo-e-parlamento\/articolo.php?approfondimento_id=19321\" target=\"_blank\" rel=\"noreferrer noopener\"><\/a>Offrendo la possibilit\u00e0 di assumere personale con contratti di lavoro autonomo, il DDL mira a dare alle aziende sanitarie uno strumento per attrarre e trattenere i professionisti necessari, garantendo una maggiore stabilit\u00e0 e integrazione nell&#8217;organico.<a href=\"https:\/\/www.key4biz.it\/sanita-e-ai-schillaci-in-arrivo-una-piattaforma-nazionale-per-tagliare-le-liste-dattesa\/492957\/\" target=\"_blank\" rel=\"noreferrer noopener\"><\/a><a href=\"https:\/\/www.lagazzettadelmezzogiorno.it\/news\/in-salute\/1510335\/ddl-liste-attesa-registro-segnalazioni-ed-esami-da-medico-famiglia-e-farmacie.html\" target=\"_blank\" rel=\"noreferrer noopener\"><\/a><a href=\"https:\/\/www.ilfattoquotidiano.it\/2024\/04\/17\/nel-decreto-pnrr-nuove-misure-per-sostituire-i-medici-gettonisti-con-gli-specializzandi-bene-ma-i-problemi-di-fondo-restano-irrisolti\/7515733\/\" target=\"_blank\" rel=\"noreferrer noopener\"><\/a>&nbsp;<\/p>\n\n\n\n<p>Questa misura si affianca alle altre iniziative previste dal disegno di legge, come gli incentivi economici per le prestazioni aggiuntive e il coinvolgimento degli specialisti ambulatoriali e degli specializzandi, creando un quadro organico di interventi per potenziare l&#8217;offerta di servizi sanitari e ridurre le liste d&#8217;attesa.<\/p>\n\n\n\n<p><a href=\"https:\/\/www.key4biz.it\/sanita-e-ai-schillaci-in-arrivo-una-piattaforma-nazionale-per-tagliare-le-liste-dattesa\/492957\/\" target=\"_blank\" rel=\"noreferrer noopener\"><\/a><a href=\"https:\/\/www.ilfattoquotidiano.it\/2024\/06\/04\/liste-dattesa-il-cdm-vara-un-decreto-e-un-ddl-il-pd-fuffa-elettorale-la-lega-fine-dellera-speranza-cosa-prevedono-le-norme\/7574069\/\" target=\"_blank\" rel=\"noreferrer noopener\"><\/a><a href=\"https:\/\/www.lagazzettadelmezzogiorno.it\/news\/in-salute\/1510335\/ddl-liste-attesa-registro-segnalazioni-ed-esami-da-medico-famiglia-e-farmacie.html\" target=\"_blank\" rel=\"noreferrer noopener\"><\/a>Sar\u00e0 importante monitorare l&#8217;attuazione di questa disposizione e valutarne l&#8217;impatto effettivo sulla riduzione del ricorso ai gettonisti, verificando che le aziende sanitarie siano in grado di sfruttare appieno questa opportunit\u00e0 e che i contratti di lavoro autonomo offrano condizioni adeguate per attrarre e fidelizzare i professionisti necessari.<a href=\"https:\/\/www.ilfattoquotidiano.it\/2024\/04\/17\/nel-decreto-pnrr-nuove-misure-per-sostituire-i-medici-gettonisti-con-gli-specializzandi-bene-ma-i-problemi-di-fondo-restano-irrisolti\/7515733\/\" target=\"_blank\" rel=\"noreferrer noopener\"><\/a><a href=\"https:\/\/www.quotidianosanita.it\/governo-e-parlamento\/articolo.php?approfondimento_id=19321\" target=\"_blank\" rel=\"noreferrer noopener\"><\/a><\/p>\n","protected":false},"excerpt":{"rendered":"<p>Il Ministro della Salute Orazio Schillaci ha annunciato l&#8217;arrivo di una nuova piattaforma nazionale di intelligenza artificiale per supportare il sistema sanitario, in particolare per ridurre le liste d&#8217;attesa e migliorare l&#8217;assistenza territoriale. L&#8217;Impatto della Telemedicina sulle Liste d&#8217;Attesa La telemedicina pu\u00f2 avere un impatto significativo sulla riduzione delle liste d&#8217;attesa nella sanit\u00e0. Uno studio [&hellip;]<\/p>\n","protected":false},"author":2,"featured_media":6983,"comment_status":"closed","ping_status":"closed","sticky":false,"template":"","format":"standard","meta":{"footnotes":""},"categories":[44,1],"tags":[],"class_list":["post-6944","post","type-post","status-publish","format-standard","has-post-thumbnail","hentry","category-diritto-rovescio","category-non-categorizzato"],"yoast_head":"<!-- This site is optimized with the Yoast SEO Premium plugin v23.3 (Yoast SEO v25.6) - https:\/\/yoast.com\/wordpress\/plugins\/seo\/ -->\n<title>Il nuovo decreto sanit\u00e0 - una prima analisi - PB Consulting<\/title>\n<meta name=\"robots\" content=\"index, follow, max-snippet:-1, max-image-preview:large, max-video-preview:-1\" \/>\n<link rel=\"canonical\" href=\"https:\/\/www.consultingpb.com\/blog\/diritto-rovescio\/il-nuovo-decreto-sanita-una-prima-analisi\/\" \/>\n<meta property=\"og:locale\" content=\"en_US\" \/>\n<meta property=\"og:type\" content=\"article\" \/>\n<meta property=\"og:title\" content=\"Il nuovo decreto sanit\u00e0 - una prima analisi\" \/>\n<meta property=\"og:description\" content=\"Il Ministro della Salute Orazio Schillaci ha annunciato l&#8217;arrivo di una nuova piattaforma nazionale di intelligenza artificiale per supportare il sistema sanitario, in particolare per ridurre le liste d&#8217;attesa e migliorare l&#8217;assistenza territoriale. L&#8217;Impatto della Telemedicina sulle Liste d&#8217;Attesa La telemedicina pu\u00f2 avere un impatto significativo sulla riduzione delle liste d&#8217;attesa nella sanit\u00e0. Uno studio [&hellip;]\" \/>\n<meta property=\"og:url\" content=\"https:\/\/www.consultingpb.com\/blog\/diritto-rovescio\/il-nuovo-decreto-sanita-una-prima-analisi\/\" \/>\n<meta property=\"og:site_name\" content=\"PB Consulting\" \/>\n<meta property=\"article:author\" content=\"https:\/\/www.facebook.com\/alberto.bozzo.9\" \/>\n<meta property=\"article:published_time\" content=\"2024-06-09T21:33:22+00:00\" \/>\n<meta property=\"article:modified_time\" content=\"2024-06-09T21:33:24+00:00\" \/>\n<meta property=\"og:image\" content=\"https:\/\/www.consultingpb.com\/wp-content\/uploads\/2024\/06\/AZcYLQAfxp-0x512-1.jpeg\" \/>\n\t<meta property=\"og:image:width\" content=\"512\" \/>\n\t<meta property=\"og:image:height\" content=\"512\" \/>\n\t<meta property=\"og:image:type\" content=\"image\/jpeg\" \/>\n<meta name=\"author\" content=\"Alberto Bozzo\" \/>\n<meta name=\"twitter:card\" content=\"summary_large_image\" \/>\n<meta name=\"twitter:label1\" content=\"Written by\" \/>\n\t<meta name=\"twitter:data1\" content=\"Alberto Bozzo\" \/>\n\t<meta name=\"twitter:label2\" content=\"Est. reading time\" \/>\n\t<meta name=\"twitter:data2\" content=\"34 minutes\" \/>\n<script type=\"application\/ld+json\" class=\"yoast-schema-graph\">{\"@context\":\"https:\/\/schema.org\",\"@graph\":[{\"@type\":\"WebPage\",\"@id\":\"https:\/\/www.consultingpb.com\/blog\/diritto-rovescio\/il-nuovo-decreto-sanita-una-prima-analisi\/\",\"url\":\"https:\/\/www.consultingpb.com\/blog\/diritto-rovescio\/il-nuovo-decreto-sanita-una-prima-analisi\/\",\"name\":\"Il nuovo decreto sanit\u00e0 - una prima analisi - PB Consulting\",\"isPartOf\":{\"@id\":\"https:\/\/www.consultingpb.com\/#website\"},\"primaryImageOfPage\":{\"@id\":\"https:\/\/www.consultingpb.com\/blog\/diritto-rovescio\/il-nuovo-decreto-sanita-una-prima-analisi\/#primaryimage\"},\"image\":{\"@id\":\"https:\/\/www.consultingpb.com\/blog\/diritto-rovescio\/il-nuovo-decreto-sanita-una-prima-analisi\/#primaryimage\"},\"thumbnailUrl\":\"https:\/\/www.consultingpb.com\/wp-content\/uploads\/2024\/06\/AZcYLQAfxp-0x512-1.jpeg\",\"datePublished\":\"2024-06-09T21:33:22+00:00\",\"dateModified\":\"2024-06-09T21:33:24+00:00\",\"author\":{\"@id\":\"https:\/\/www.consultingpb.com\/#\/schema\/person\/09b2842207e1ed74e87559a8e584fd50\"},\"breadcrumb\":{\"@id\":\"https:\/\/www.consultingpb.com\/blog\/diritto-rovescio\/il-nuovo-decreto-sanita-una-prima-analisi\/#breadcrumb\"},\"inLanguage\":\"en-US\",\"potentialAction\":[{\"@type\":\"ReadAction\",\"target\":[\"https:\/\/www.consultingpb.com\/blog\/diritto-rovescio\/il-nuovo-decreto-sanita-una-prima-analisi\/\"]}]},{\"@type\":\"ImageObject\",\"inLanguage\":\"en-US\",\"@id\":\"https:\/\/www.consultingpb.com\/blog\/diritto-rovescio\/il-nuovo-decreto-sanita-una-prima-analisi\/#primaryimage\",\"url\":\"https:\/\/www.consultingpb.com\/wp-content\/uploads\/2024\/06\/AZcYLQAfxp-0x512-1.jpeg\",\"contentUrl\":\"https:\/\/www.consultingpb.com\/wp-content\/uploads\/2024\/06\/AZcYLQAfxp-0x512-1.jpeg\",\"width\":512,\"height\":512},{\"@type\":\"BreadcrumbList\",\"@id\":\"https:\/\/www.consultingpb.com\/blog\/diritto-rovescio\/il-nuovo-decreto-sanita-una-prima-analisi\/#breadcrumb\",\"itemListElement\":[{\"@type\":\"ListItem\",\"position\":1,\"name\":\"Home\",\"item\":\"https:\/\/www.consultingpb.com\/en\/\"},{\"@type\":\"ListItem\",\"position\":2,\"name\":\"Il nuovo decreto sanit\u00e0 &#8211; una prima analisi\"}]},{\"@type\":\"WebSite\",\"@id\":\"https:\/\/www.consultingpb.com\/#website\",\"url\":\"https:\/\/www.consultingpb.com\/\",\"name\":\"PB Consulting\",\"description\":\"\",\"potentialAction\":[{\"@type\":\"SearchAction\",\"target\":{\"@type\":\"EntryPoint\",\"urlTemplate\":\"https:\/\/www.consultingpb.com\/?s={search_term_string}\"},\"query-input\":{\"@type\":\"PropertyValueSpecification\",\"valueRequired\":true,\"valueName\":\"search_term_string\"}}],\"inLanguage\":\"en-US\"},{\"@type\":\"Person\",\"@id\":\"https:\/\/www.consultingpb.com\/#\/schema\/person\/09b2842207e1ed74e87559a8e584fd50\",\"name\":\"Alberto Bozzo\",\"image\":{\"@type\":\"ImageObject\",\"inLanguage\":\"en-US\",\"@id\":\"https:\/\/www.consultingpb.com\/#\/schema\/person\/image\/\",\"url\":\"https:\/\/secure.gravatar.com\/avatar\/417349770ce903a6b3447c4269e5e3cf91964bab004ff7a0336c8434fdf40b46?s=96&d=mm&r=g\",\"contentUrl\":\"https:\/\/secure.gravatar.com\/avatar\/417349770ce903a6b3447c4269e5e3cf91964bab004ff7a0336c8434fdf40b46?s=96&d=mm&r=g\",\"caption\":\"Alberto Bozzo\"},\"sameAs\":[\"https:\/\/www.consultingpb.com\/\",\"https:\/\/www.facebook.com\/alberto.bozzo.9\",\"https:\/\/www.instagram.com\/ab_dirittorovescio\/\",\"https:\/\/www.linkedin.com\/in\/alberto-bozzo-57982b63\/\"],\"url\":\"https:\/\/www.consultingpb.com\/en\/blog\/author\/alberto\/\"}]}<\/script>\n<!-- \/ Yoast SEO Premium plugin. -->","yoast_head_json":{"title":"Il nuovo decreto sanit\u00e0 - una prima analisi - PB Consulting","robots":{"index":"index","follow":"follow","max-snippet":"max-snippet:-1","max-image-preview":"max-image-preview:large","max-video-preview":"max-video-preview:-1"},"canonical":"https:\/\/www.consultingpb.com\/blog\/diritto-rovescio\/il-nuovo-decreto-sanita-una-prima-analisi\/","og_locale":"en_US","og_type":"article","og_title":"Il nuovo decreto sanit\u00e0 - una prima analisi","og_description":"Il Ministro della Salute Orazio Schillaci ha annunciato l&#8217;arrivo di una nuova piattaforma nazionale di intelligenza artificiale per supportare il sistema sanitario, in particolare per ridurre le liste d&#8217;attesa e migliorare l&#8217;assistenza territoriale. L&#8217;Impatto della Telemedicina sulle Liste d&#8217;Attesa La telemedicina pu\u00f2 avere un impatto significativo sulla riduzione delle liste d&#8217;attesa nella sanit\u00e0. Uno studio [&hellip;]","og_url":"https:\/\/www.consultingpb.com\/blog\/diritto-rovescio\/il-nuovo-decreto-sanita-una-prima-analisi\/","og_site_name":"PB Consulting","article_author":"https:\/\/www.facebook.com\/alberto.bozzo.9","article_published_time":"2024-06-09T21:33:22+00:00","article_modified_time":"2024-06-09T21:33:24+00:00","og_image":[{"width":512,"height":512,"url":"https:\/\/www.consultingpb.com\/wp-content\/uploads\/2024\/06\/AZcYLQAfxp-0x512-1.jpeg","type":"image\/jpeg"}],"author":"Alberto Bozzo","twitter_card":"summary_large_image","twitter_misc":{"Written by":"Alberto Bozzo","Est. reading time":"34 minutes"},"schema":{"@context":"https:\/\/schema.org","@graph":[{"@type":"WebPage","@id":"https:\/\/www.consultingpb.com\/blog\/diritto-rovescio\/il-nuovo-decreto-sanita-una-prima-analisi\/","url":"https:\/\/www.consultingpb.com\/blog\/diritto-rovescio\/il-nuovo-decreto-sanita-una-prima-analisi\/","name":"Il nuovo decreto sanit\u00e0 - una prima analisi - PB Consulting","isPartOf":{"@id":"https:\/\/www.consultingpb.com\/#website"},"primaryImageOfPage":{"@id":"https:\/\/www.consultingpb.com\/blog\/diritto-rovescio\/il-nuovo-decreto-sanita-una-prima-analisi\/#primaryimage"},"image":{"@id":"https:\/\/www.consultingpb.com\/blog\/diritto-rovescio\/il-nuovo-decreto-sanita-una-prima-analisi\/#primaryimage"},"thumbnailUrl":"https:\/\/www.consultingpb.com\/wp-content\/uploads\/2024\/06\/AZcYLQAfxp-0x512-1.jpeg","datePublished":"2024-06-09T21:33:22+00:00","dateModified":"2024-06-09T21:33:24+00:00","author":{"@id":"https:\/\/www.consultingpb.com\/#\/schema\/person\/09b2842207e1ed74e87559a8e584fd50"},"breadcrumb":{"@id":"https:\/\/www.consultingpb.com\/blog\/diritto-rovescio\/il-nuovo-decreto-sanita-una-prima-analisi\/#breadcrumb"},"inLanguage":"en-US","potentialAction":[{"@type":"ReadAction","target":["https:\/\/www.consultingpb.com\/blog\/diritto-rovescio\/il-nuovo-decreto-sanita-una-prima-analisi\/"]}]},{"@type":"ImageObject","inLanguage":"en-US","@id":"https:\/\/www.consultingpb.com\/blog\/diritto-rovescio\/il-nuovo-decreto-sanita-una-prima-analisi\/#primaryimage","url":"https:\/\/www.consultingpb.com\/wp-content\/uploads\/2024\/06\/AZcYLQAfxp-0x512-1.jpeg","contentUrl":"https:\/\/www.consultingpb.com\/wp-content\/uploads\/2024\/06\/AZcYLQAfxp-0x512-1.jpeg","width":512,"height":512},{"@type":"BreadcrumbList","@id":"https:\/\/www.consultingpb.com\/blog\/diritto-rovescio\/il-nuovo-decreto-sanita-una-prima-analisi\/#breadcrumb","itemListElement":[{"@type":"ListItem","position":1,"name":"Home","item":"https:\/\/www.consultingpb.com\/en\/"},{"@type":"ListItem","position":2,"name":"Il nuovo decreto sanit\u00e0 &#8211; una prima analisi"}]},{"@type":"WebSite","@id":"https:\/\/www.consultingpb.com\/#website","url":"https:\/\/www.consultingpb.com\/","name":"PB Consulting","description":"","potentialAction":[{"@type":"SearchAction","target":{"@type":"EntryPoint","urlTemplate":"https:\/\/www.consultingpb.com\/?s={search_term_string}"},"query-input":{"@type":"PropertyValueSpecification","valueRequired":true,"valueName":"search_term_string"}}],"inLanguage":"en-US"},{"@type":"Person","@id":"https:\/\/www.consultingpb.com\/#\/schema\/person\/09b2842207e1ed74e87559a8e584fd50","name":"Alberto Bozzo","image":{"@type":"ImageObject","inLanguage":"en-US","@id":"https:\/\/www.consultingpb.com\/#\/schema\/person\/image\/","url":"https:\/\/secure.gravatar.com\/avatar\/417349770ce903a6b3447c4269e5e3cf91964bab004ff7a0336c8434fdf40b46?s=96&d=mm&r=g","contentUrl":"https:\/\/secure.gravatar.com\/avatar\/417349770ce903a6b3447c4269e5e3cf91964bab004ff7a0336c8434fdf40b46?s=96&d=mm&r=g","caption":"Alberto Bozzo"},"sameAs":["https:\/\/www.consultingpb.com\/","https:\/\/www.facebook.com\/alberto.bozzo.9","https:\/\/www.instagram.com\/ab_dirittorovescio\/","https:\/\/www.linkedin.com\/in\/alberto-bozzo-57982b63\/"],"url":"https:\/\/www.consultingpb.com\/en\/blog\/author\/alberto\/"}]}},"_links":{"self":[{"href":"https:\/\/www.consultingpb.com\/en\/wp-json\/wp\/v2\/posts\/6944","targetHints":{"allow":["GET"]}}],"collection":[{"href":"https:\/\/www.consultingpb.com\/en\/wp-json\/wp\/v2\/posts"}],"about":[{"href":"https:\/\/www.consultingpb.com\/en\/wp-json\/wp\/v2\/types\/post"}],"author":[{"embeddable":true,"href":"https:\/\/www.consultingpb.com\/en\/wp-json\/wp\/v2\/users\/2"}],"replies":[{"embeddable":true,"href":"https:\/\/www.consultingpb.com\/en\/wp-json\/wp\/v2\/comments?post=6944"}],"version-history":[{"count":4,"href":"https:\/\/www.consultingpb.com\/en\/wp-json\/wp\/v2\/posts\/6944\/revisions"}],"predecessor-version":[{"id":6985,"href":"https:\/\/www.consultingpb.com\/en\/wp-json\/wp\/v2\/posts\/6944\/revisions\/6985"}],"wp:featuredmedia":[{"embeddable":true,"href":"https:\/\/www.consultingpb.com\/en\/wp-json\/wp\/v2\/media\/6983"}],"wp:attachment":[{"href":"https:\/\/www.consultingpb.com\/en\/wp-json\/wp\/v2\/media?parent=6944"}],"wp:term":[{"taxonomy":"category","embeddable":true,"href":"https:\/\/www.consultingpb.com\/en\/wp-json\/wp\/v2\/categories?post=6944"},{"taxonomy":"post_tag","embeddable":true,"href":"https:\/\/www.consultingpb.com\/en\/wp-json\/wp\/v2\/tags?post=6944"}],"curies":[{"name":"wp","href":"https:\/\/api.w.org\/{rel}","templated":true}]}}