{"id":3960,"date":"2023-11-06T23:54:19","date_gmt":"2023-11-06T23:54:19","guid":{"rendered":"https:\/\/www.consultingpb.com\/?p=3960"},"modified":"2023-11-06T23:54:21","modified_gmt":"2023-11-06T23:54:21","slug":"la-sospensione-concordata-della-prestazione-lavorativa","status":"publish","type":"post","link":"https:\/\/www.consultingpb.com\/en\/blog\/il-caffe-del-mattino\/la-sospensione-concordata-della-prestazione-lavorativa\/","title":{"rendered":"La sospensione concordata della prestazione lavorativa"},"content":{"rendered":"\n<h2 class=\"wp-block-heading\" id=\"h-intro\">Intro<\/h2>\n\n\n\n<p>Il contratto di lavoro \u00e8 un accordo tra datore di lavoro e dipendente che definisce i termini del rapporto di lavoro. Tra questi termini, l&#8217;orario di lavoro \u00e8 uno dei pi\u00f9 importanti. <\/p>\n\n\n\n<p>In particolare, se il contratto non prevede un orario di lavoro a tempo parziale, si presume che il lavoratore sia stato assunto a tempo pieno.<\/p>\n\n\n\n<p>Questa \u00e8 la conclusione a cui \u00e8 arrivata la Corte di Cassazione, Sezione lavoro, nell&#8217;ordinanza n. 28862 del 18 ottobre 2023. <\/p>\n\n\n\n<p><em>E&#8217; possibile che, nonostante il rapporto di lavoro subordinato full time, il datore di lavoro possa dimostrare, anche attraverso fatti inequivocabili, che ci siano state riduzioni o sospensioni concordate delle prestazioni lavorative, e di conseguenza delle relative retribuzioni, in relazione all&#8217;orario giornaliero o ai giorni di lavoro.<\/em><\/p>\n\n\n\n<h3 class=\"wp-block-heading\" id=\"h-l-inizio-della-controversia\">L&#8217;Inizio della Controversia<\/h3>\n\n\n\n<p>Un dipendente di una societ\u00e0, dopo aver cambiato datore di lavoro nel 2012, ha presentato una richiesta al Tribunale di Firenze per ottenere un decreto ingiuntivo per il pagamento di \u20ac971,68. <\/p>\n\n\n\n<p>Questa somma rappresentava la differenza tra la retribuzione mensile dovuta a lui come lavoratore a tempo pieno per il mese di marzo 2016 e quella effettivamente ricevuta, basata su sole 72 ore di lavoro. <\/p>\n\n\n\n<p>Il dipendente ha sostenuto di non aver mai firmato un contratto di lavoro part-time, n\u00e9 al momento dell&#8217;assunzione nel 1996, n\u00e9 nel 2009 quando \u00e8 stato stipulato un accordo sindacale aziendale che ha ridotto l&#8217;orario di lavoro da tempo pieno a tempo parziale.<\/p>\n\n\n\n<h3 class=\"wp-block-heading\" id=\"h-l-opposizione-della-societa\">L&#8217;Opposizione della Societ\u00e0<\/h3>\n\n\n\n<p>La societ\u00e0 ha presentato un&#8217;opposizione, chiedendo l&#8217;accertamento dell&#8217;esistenza di un rapporto di lavoro part-time tra le parti, in base ai giorni e orari specificati.<\/p>\n\n\n\n<h3 class=\"wp-block-heading\" id=\"h-la-risposta-del-dipendente\">La Risposta del Dipendente<\/h3>\n\n\n\n<p>Il dipendente si \u00e8 costituito in giudizio e ha avanzato una domanda subordinata di accertamento dell&#8217;esistenza di un rapporto di lavoro a tempo pieno almeno dall&#8217;01\/03\/2016.<\/p>\n\n\n\n<h3 class=\"wp-block-heading\" id=\"h-il-cambio-di-giurisdizione-e-la-nuova-richiesta\">Il Cambio di Giurisdizione e la Nuova Richiesta<\/h3>\n\n\n\n<p>Dopo che il Tribunale di Firenze si \u00e8 dichiarato incompetente e la causa \u00e8 stata riassunta davanti al Tribunale di Lucca, il lavoratore ha presentato un ulteriore ricorso, chiedendo che la societ\u00e0 fosse condannata a pagare \u20ac6.442,27 come differenza retributiva tra il tempo pieno e l&#8217;orario effettivamente osservato, per il periodo da marzo ad ottobre 2016.<\/p>\n\n\n\n<h3 class=\"wp-block-heading\" id=\"h-la-decisione-del-tribunale\">La Decisione del Tribunale<\/h3>\n\n\n\n<p><em>Dopo aver riunito i ricorsi, il Tribunale ha accolto la domanda del dipendente, ha dichiarato che esisteva tra le parti un rapporto di lavoro subordinato a tempo pieno e ha condannato la societ\u00e0 a pagare le conseguenti differenze retributive.<\/em><\/p>\n\n\n\n<h3 class=\"wp-block-heading\" id=\"h-l-appello-e-la-decisione-della-corte-d-appello\">L&#8217;Appello e la Decisione della Corte d&#8217;Appello<\/h3>\n\n\n\n<p>Entrambe le parti hanno presentato appello contro la decisione del Tribunale. La Corte d&#8217;appello ha accolto parzialmente l&#8217;appello incidentale della societ\u00e0 e ha rigettato la domanda del dipendente, ma ha confermato il rigetto della domanda riconvenzionale della societ\u00e0.<\/p>\n\n\n\n<p>La Corte d&#8217;appello ha motivato la sua decisione affermando che il dipendente era stato assunto diversi anni fa e aveva sempre lavorato nei soli giorni di apertura del locale. <\/p>\n\n\n\n<p>Non erano mai stati stipulati contratti scritti, n\u00e9 quindi contratti di lavoro part-time. <\/p>\n\n\n\n<p>Tuttavia, un accordo sindacale aziendale del 2009 aveva introdotto una nuova disciplina ai rapporti di lavoro e aveva stabilito un numero minimo di giornate di apertura, garantendo cos\u00ec ai dipendenti un minimo di trattamento retributivo. Questo accordo era stato rispettato da entrambe le parti.<\/p>\n\n\n\n<h3 class=\"wp-block-heading\" id=\"h-la-massima-della-corte-di-appello\">La massima della Corte di Appello<\/h3>\n\n\n\n<p><em>Alla luce di questi fatti, la Corte d&#8217;appello ha concluso che il rapporto di lavoro di tutti i dipendenti, compreso il dipendente in questione, era da molti anni, se non dall&#8217;origine, a tempo parziale verticale, per i giorni di apertura del locale, per comune intesa delle parti. Anche se al momento dell&#8217;assunzione il contratto di lavoro a tempo parziale doveva essere concluso per iscritto, la Corte ha riconosciuto che il datore di lavoro poteva dimostrare l&#8217;intervento di una riduzione consensuale dell&#8217;orario di lavoro.<\/em><\/p>\n\n\n\n<p><em>\u201canche con riguardo alla L. n. 863\/1984, la Corte di Cassazione ammette che il datore di lavoro possa dimostrare l\u2019intervento di una riduzione consensuale della prestazione lavorativa, ovvero di una novazione oggettiva del rapporto con nuova manifestazione di volont\u00e0 anche per fatti concludenti (Cass. n. 25047\/2020; Cass. n. 14684\/2019; Cass. n. 1375\/2018; Cass. n. 5518\/2004)\u00bb.\u00a0<\/em><\/p>\n\n\n\n<h3 class=\"wp-block-heading\" id=\"h-la-sentenza-della-cassazione\">La sentenza della Cassazione<\/h3>\n\n\n\n<p>La Corte ha ribadito che, in assenza di un contratto scritto che specifica diversamente, si presume che un rapporto di lavoro subordinato sia costituito su base full time. <\/p>\n\n\n\n<p>Questo significa che se non c&#8217;\u00e8 un accordo scritto che indica che un lavoratore \u00e8 impiegato part time, si presume che stia lavorando a tempo pieno.<\/p>\n\n\n\n<p>Tuttavia, la Corte ha anche affermato che un datore di lavoro pu\u00f2 dimostrare l&#8217;esistenza di sospensioni concordate delle prestazioni lavorative. <\/p>\n\n\n\n<p>Ad esempio, se un lavoratore e un datore di lavoro concordano che il lavoratore non lavorer\u00e0 durante certi giorni (come i giorni in cui il luogo di lavoro \u00e8 chiuso), queste sospensioni possono essere considerate parte integrante del contratto di lavoro.<\/p>\n\n\n\n<p>Le sospensioni concordate possono diventare clausole tacite del contratto di lavoro. Ci\u00f2 significa che diventano parte integrante del contratto, anche se non sono esplicitamente scritte. Tuttavia, se il datore di lavoro vuole modificare queste sospensioni concordate in futuro, avr\u00e0 bisogno del consenso del lavoratore. Non pu\u00f2 imporre unilateralmente queste modifiche.<\/p>\n\n\n\n<p>La Suprema Corte accoglie (parzialmente e con rinvio) il ricorso del lavoratore, e sostiene che <\/p>\n\n\n\n<p><em>\u00abil rapporto di lavoro subordinato \u2013 che ha avuto consensuale esecuzione nei soli giorni di apertura del locale poi gestito da C.d.F. S.r.l. \u2013 si presume costituito full time e in tal modo va qualificato sul piano giuridico qualora il part time non risulti da patto con forma scritta, richiesta ad substantiam secondo la disciplina vigente\u00bb.\u00a0<\/em><\/p>\n\n\n\n<p><\/p>\n\n\n\n<p>In sostanza la Suprema Corte stabilisce che \u00abuna volta raggiunta la prova di tali sospensioni, esse si traducono in clausole tacite integrative del contratto individuale di lavoro full time\u00bb e che \u00abuna volta integrato in tal modo il contratto, eventuali modifiche successive di quelle sospensioni concordate richiedono un nuovo consenso del lavoratore e quindi non possono essere disposte n\u00e9 imposte unilateralmente dal datore di lavoro\u00bb.&nbsp;<\/p>\n\n\n\n<figure class=\"wp-block-image size-large\"><img fetchpriority=\"high\" decoding=\"async\" width=\"1024\" height=\"576\" src=\"https:\/\/www.consultingpb.com\/wp-content\/uploads\/2023\/10\/avv.-bozzo-1024x576.jpg\" alt=\"\" class=\"wp-image-3332\" srcset=\"https:\/\/www.consultingpb.com\/wp-content\/uploads\/2023\/10\/avv.-bozzo-1024x576.jpg 1024w, https:\/\/www.consultingpb.com\/wp-content\/uploads\/2023\/10\/avv.-bozzo-300x169.jpg 300w, https:\/\/www.consultingpb.com\/wp-content\/uploads\/2023\/10\/avv.-bozzo-768x432.jpg 768w, https:\/\/www.consultingpb.com\/wp-content\/uploads\/2023\/10\/avv.-bozzo-1536x864.jpg 1536w, https:\/\/www.consultingpb.com\/wp-content\/uploads\/2023\/10\/avv.-bozzo-480x270.jpg 480w, https:\/\/www.consultingpb.com\/wp-content\/uploads\/2023\/10\/avv.-bozzo.jpg 1920w\" sizes=\"(max-width: 1024px) 100vw, 1024px\" \/><\/figure>\n\n\n\n<p><\/p>\n\n\n\n<p><\/p>\n","protected":false},"excerpt":{"rendered":"<p>Intro Il contratto di lavoro \u00e8 un accordo tra datore di lavoro e dipendente che definisce i termini del rapporto di lavoro. Tra questi termini, l&#8217;orario di lavoro \u00e8 uno dei pi\u00f9 importanti. In particolare, se il contratto non prevede un orario di lavoro a tempo parziale, si presume che il lavoratore sia stato assunto [&hellip;]<\/p>\n","protected":false},"author":2,"featured_media":3961,"comment_status":"closed","ping_status":"closed","sticky":false,"template":"","format":"standard","meta":{"footnotes":""},"categories":[43],"tags":[],"class_list":["post-3960","post","type-post","status-publish","format-standard","has-post-thumbnail","hentry","category-il-caffe-del-mattino"],"yoast_head":"<!-- This site is optimized with the Yoast SEO Premium plugin v23.3 (Yoast SEO v25.6) - https:\/\/yoast.com\/wordpress\/plugins\/seo\/ -->\n<title>La sospensione concordata della prestazione lavorativa - PB Consulting<\/title>\n<meta name=\"description\" content=\"Nonostante il rapporto di lavoro subordinato a tempo pieno, il datore di lavoro pu\u00f2 dimostrare, anche attraverso fatti concluenti, che sono state concordate riduzioni\/sospensioni delle prestazioni lavorative (e quindi delle relative retribuzioni), riguardanti un orario giornaliero o una giornata lavorativa.\" \/>\n<meta name=\"robots\" content=\"index, follow, max-snippet:-1, max-image-preview:large, max-video-preview:-1\" \/>\n<link rel=\"canonical\" href=\"https:\/\/www.consultingpb.com\/blog\/il-caffe-del-mattino\/la-sospensione-concordata-della-prestazione-lavorativa\/\" \/>\n<meta property=\"og:locale\" content=\"en_US\" \/>\n<meta property=\"og:type\" content=\"article\" \/>\n<meta property=\"og:title\" content=\"La sospensione concordata della prestazione lavorativa\" \/>\n<meta property=\"og:description\" content=\"Nonostante il rapporto di lavoro subordinato a tempo pieno, il datore di lavoro pu\u00f2 dimostrare, anche attraverso fatti concluenti, che sono state concordate riduzioni\/sospensioni delle prestazioni lavorative (e quindi delle relative retribuzioni), riguardanti un orario giornaliero o una giornata lavorativa.\" \/>\n<meta property=\"og:url\" content=\"https:\/\/www.consultingpb.com\/blog\/il-caffe-del-mattino\/la-sospensione-concordata-della-prestazione-lavorativa\/\" \/>\n<meta property=\"og:site_name\" content=\"PB Consulting\" \/>\n<meta property=\"article:author\" content=\"https:\/\/www.facebook.com\/alberto.bozzo.9\" \/>\n<meta property=\"article:published_time\" content=\"2023-11-06T23:54:19+00:00\" \/>\n<meta property=\"article:modified_time\" content=\"2023-11-06T23:54:21+00:00\" \/>\n<meta property=\"og:image\" content=\"https:\/\/www.consultingpb.com\/wp-content\/uploads\/2023\/11\/Il-caffe-del-mattino-2.jpg\" \/>\n\t<meta property=\"og:image:width\" content=\"1024\" \/>\n\t<meta property=\"og:image:height\" content=\"768\" \/>\n\t<meta property=\"og:image:type\" content=\"image\/jpeg\" \/>\n<meta name=\"author\" content=\"Alberto Bozzo\" \/>\n<meta name=\"twitter:card\" content=\"summary_large_image\" \/>\n<meta name=\"twitter:label1\" content=\"Written by\" \/>\n\t<meta name=\"twitter:data1\" content=\"Alberto Bozzo\" \/>\n\t<meta name=\"twitter:label2\" content=\"Est. reading time\" \/>\n\t<meta name=\"twitter:data2\" content=\"6 minutes\" \/>\n<script type=\"application\/ld+json\" class=\"yoast-schema-graph\">{\"@context\":\"https:\/\/schema.org\",\"@graph\":[{\"@type\":\"WebPage\",\"@id\":\"https:\/\/www.consultingpb.com\/blog\/il-caffe-del-mattino\/la-sospensione-concordata-della-prestazione-lavorativa\/\",\"url\":\"https:\/\/www.consultingpb.com\/blog\/il-caffe-del-mattino\/la-sospensione-concordata-della-prestazione-lavorativa\/\",\"name\":\"La sospensione concordata della prestazione lavorativa - PB Consulting\",\"isPartOf\":{\"@id\":\"https:\/\/www.consultingpb.com\/#website\"},\"primaryImageOfPage\":{\"@id\":\"https:\/\/www.consultingpb.com\/blog\/il-caffe-del-mattino\/la-sospensione-concordata-della-prestazione-lavorativa\/#primaryimage\"},\"image\":{\"@id\":\"https:\/\/www.consultingpb.com\/blog\/il-caffe-del-mattino\/la-sospensione-concordata-della-prestazione-lavorativa\/#primaryimage\"},\"thumbnailUrl\":\"https:\/\/www.consultingpb.com\/wp-content\/uploads\/2023\/11\/Il-caffe-del-mattino-2.jpg\",\"datePublished\":\"2023-11-06T23:54:19+00:00\",\"dateModified\":\"2023-11-06T23:54:21+00:00\",\"author\":{\"@id\":\"https:\/\/www.consultingpb.com\/#\/schema\/person\/09b2842207e1ed74e87559a8e584fd50\"},\"description\":\"Nonostante il rapporto di lavoro subordinato a tempo pieno, il datore di lavoro pu\u00f2 dimostrare, anche attraverso fatti concluenti, che sono state concordate riduzioni\/sospensioni delle prestazioni lavorative (e quindi delle relative retribuzioni), riguardanti un orario giornaliero o una giornata lavorativa.\",\"breadcrumb\":{\"@id\":\"https:\/\/www.consultingpb.com\/blog\/il-caffe-del-mattino\/la-sospensione-concordata-della-prestazione-lavorativa\/#breadcrumb\"},\"inLanguage\":\"en-US\",\"potentialAction\":[{\"@type\":\"ReadAction\",\"target\":[\"https:\/\/www.consultingpb.com\/blog\/il-caffe-del-mattino\/la-sospensione-concordata-della-prestazione-lavorativa\/\"]}]},{\"@type\":\"ImageObject\",\"inLanguage\":\"en-US\",\"@id\":\"https:\/\/www.consultingpb.com\/blog\/il-caffe-del-mattino\/la-sospensione-concordata-della-prestazione-lavorativa\/#primaryimage\",\"url\":\"https:\/\/www.consultingpb.com\/wp-content\/uploads\/2023\/11\/Il-caffe-del-mattino-2.jpg\",\"contentUrl\":\"https:\/\/www.consultingpb.com\/wp-content\/uploads\/2023\/11\/Il-caffe-del-mattino-2.jpg\",\"width\":1024,\"height\":768},{\"@type\":\"BreadcrumbList\",\"@id\":\"https:\/\/www.consultingpb.com\/blog\/il-caffe-del-mattino\/la-sospensione-concordata-della-prestazione-lavorativa\/#breadcrumb\",\"itemListElement\":[{\"@type\":\"ListItem\",\"position\":1,\"name\":\"Home\",\"item\":\"https:\/\/www.consultingpb.com\/en\/\"},{\"@type\":\"ListItem\",\"position\":2,\"name\":\"La sospensione concordata della prestazione lavorativa\"}]},{\"@type\":\"WebSite\",\"@id\":\"https:\/\/www.consultingpb.com\/#website\",\"url\":\"https:\/\/www.consultingpb.com\/\",\"name\":\"PB Consulting\",\"description\":\"\",\"potentialAction\":[{\"@type\":\"SearchAction\",\"target\":{\"@type\":\"EntryPoint\",\"urlTemplate\":\"https:\/\/www.consultingpb.com\/?s={search_term_string}\"},\"query-input\":{\"@type\":\"PropertyValueSpecification\",\"valueRequired\":true,\"valueName\":\"search_term_string\"}}],\"inLanguage\":\"en-US\"},{\"@type\":\"Person\",\"@id\":\"https:\/\/www.consultingpb.com\/#\/schema\/person\/09b2842207e1ed74e87559a8e584fd50\",\"name\":\"Alberto Bozzo\",\"image\":{\"@type\":\"ImageObject\",\"inLanguage\":\"en-US\",\"@id\":\"https:\/\/www.consultingpb.com\/#\/schema\/person\/image\/\",\"url\":\"https:\/\/secure.gravatar.com\/avatar\/417349770ce903a6b3447c4269e5e3cf91964bab004ff7a0336c8434fdf40b46?s=96&d=mm&r=g\",\"contentUrl\":\"https:\/\/secure.gravatar.com\/avatar\/417349770ce903a6b3447c4269e5e3cf91964bab004ff7a0336c8434fdf40b46?s=96&d=mm&r=g\",\"caption\":\"Alberto Bozzo\"},\"sameAs\":[\"https:\/\/www.consultingpb.com\/\",\"https:\/\/www.facebook.com\/alberto.bozzo.9\",\"https:\/\/www.instagram.com\/ab_dirittorovescio\/\",\"https:\/\/www.linkedin.com\/in\/alberto-bozzo-57982b63\/\"],\"url\":\"https:\/\/www.consultingpb.com\/en\/blog\/author\/alberto\/\"}]}<\/script>\n<!-- \/ Yoast SEO Premium plugin. -->","yoast_head_json":{"title":"La sospensione concordata della prestazione lavorativa - PB Consulting","description":"Nonostante il rapporto di lavoro subordinato a tempo pieno, il datore di lavoro pu\u00f2 dimostrare, anche attraverso fatti concluenti, che sono state concordate riduzioni\/sospensioni delle prestazioni lavorative (e quindi delle relative retribuzioni), riguardanti un orario giornaliero o una giornata lavorativa.","robots":{"index":"index","follow":"follow","max-snippet":"max-snippet:-1","max-image-preview":"max-image-preview:large","max-video-preview":"max-video-preview:-1"},"canonical":"https:\/\/www.consultingpb.com\/blog\/il-caffe-del-mattino\/la-sospensione-concordata-della-prestazione-lavorativa\/","og_locale":"en_US","og_type":"article","og_title":"La sospensione concordata della prestazione lavorativa","og_description":"Nonostante il rapporto di lavoro subordinato a tempo pieno, il datore di lavoro pu\u00f2 dimostrare, anche attraverso fatti concluenti, che sono state concordate riduzioni\/sospensioni delle prestazioni lavorative (e quindi delle relative retribuzioni), riguardanti un orario giornaliero o una giornata lavorativa.","og_url":"https:\/\/www.consultingpb.com\/blog\/il-caffe-del-mattino\/la-sospensione-concordata-della-prestazione-lavorativa\/","og_site_name":"PB Consulting","article_author":"https:\/\/www.facebook.com\/alberto.bozzo.9","article_published_time":"2023-11-06T23:54:19+00:00","article_modified_time":"2023-11-06T23:54:21+00:00","og_image":[{"width":1024,"height":768,"url":"https:\/\/www.consultingpb.com\/wp-content\/uploads\/2023\/11\/Il-caffe-del-mattino-2.jpg","type":"image\/jpeg"}],"author":"Alberto Bozzo","twitter_card":"summary_large_image","twitter_misc":{"Written by":"Alberto Bozzo","Est. reading time":"6 minutes"},"schema":{"@context":"https:\/\/schema.org","@graph":[{"@type":"WebPage","@id":"https:\/\/www.consultingpb.com\/blog\/il-caffe-del-mattino\/la-sospensione-concordata-della-prestazione-lavorativa\/","url":"https:\/\/www.consultingpb.com\/blog\/il-caffe-del-mattino\/la-sospensione-concordata-della-prestazione-lavorativa\/","name":"La sospensione concordata della prestazione lavorativa - PB Consulting","isPartOf":{"@id":"https:\/\/www.consultingpb.com\/#website"},"primaryImageOfPage":{"@id":"https:\/\/www.consultingpb.com\/blog\/il-caffe-del-mattino\/la-sospensione-concordata-della-prestazione-lavorativa\/#primaryimage"},"image":{"@id":"https:\/\/www.consultingpb.com\/blog\/il-caffe-del-mattino\/la-sospensione-concordata-della-prestazione-lavorativa\/#primaryimage"},"thumbnailUrl":"https:\/\/www.consultingpb.com\/wp-content\/uploads\/2023\/11\/Il-caffe-del-mattino-2.jpg","datePublished":"2023-11-06T23:54:19+00:00","dateModified":"2023-11-06T23:54:21+00:00","author":{"@id":"https:\/\/www.consultingpb.com\/#\/schema\/person\/09b2842207e1ed74e87559a8e584fd50"},"description":"Nonostante il rapporto di lavoro subordinato a tempo pieno, il datore di lavoro pu\u00f2 dimostrare, anche attraverso fatti concluenti, che sono state concordate riduzioni\/sospensioni delle prestazioni lavorative (e quindi delle relative retribuzioni), riguardanti un orario giornaliero o una giornata lavorativa.","breadcrumb":{"@id":"https:\/\/www.consultingpb.com\/blog\/il-caffe-del-mattino\/la-sospensione-concordata-della-prestazione-lavorativa\/#breadcrumb"},"inLanguage":"en-US","potentialAction":[{"@type":"ReadAction","target":["https:\/\/www.consultingpb.com\/blog\/il-caffe-del-mattino\/la-sospensione-concordata-della-prestazione-lavorativa\/"]}]},{"@type":"ImageObject","inLanguage":"en-US","@id":"https:\/\/www.consultingpb.com\/blog\/il-caffe-del-mattino\/la-sospensione-concordata-della-prestazione-lavorativa\/#primaryimage","url":"https:\/\/www.consultingpb.com\/wp-content\/uploads\/2023\/11\/Il-caffe-del-mattino-2.jpg","contentUrl":"https:\/\/www.consultingpb.com\/wp-content\/uploads\/2023\/11\/Il-caffe-del-mattino-2.jpg","width":1024,"height":768},{"@type":"BreadcrumbList","@id":"https:\/\/www.consultingpb.com\/blog\/il-caffe-del-mattino\/la-sospensione-concordata-della-prestazione-lavorativa\/#breadcrumb","itemListElement":[{"@type":"ListItem","position":1,"name":"Home","item":"https:\/\/www.consultingpb.com\/en\/"},{"@type":"ListItem","position":2,"name":"La sospensione concordata della prestazione lavorativa"}]},{"@type":"WebSite","@id":"https:\/\/www.consultingpb.com\/#website","url":"https:\/\/www.consultingpb.com\/","name":"PB Consulting","description":"","potentialAction":[{"@type":"SearchAction","target":{"@type":"EntryPoint","urlTemplate":"https:\/\/www.consultingpb.com\/?s={search_term_string}"},"query-input":{"@type":"PropertyValueSpecification","valueRequired":true,"valueName":"search_term_string"}}],"inLanguage":"en-US"},{"@type":"Person","@id":"https:\/\/www.consultingpb.com\/#\/schema\/person\/09b2842207e1ed74e87559a8e584fd50","name":"Alberto Bozzo","image":{"@type":"ImageObject","inLanguage":"en-US","@id":"https:\/\/www.consultingpb.com\/#\/schema\/person\/image\/","url":"https:\/\/secure.gravatar.com\/avatar\/417349770ce903a6b3447c4269e5e3cf91964bab004ff7a0336c8434fdf40b46?s=96&d=mm&r=g","contentUrl":"https:\/\/secure.gravatar.com\/avatar\/417349770ce903a6b3447c4269e5e3cf91964bab004ff7a0336c8434fdf40b46?s=96&d=mm&r=g","caption":"Alberto Bozzo"},"sameAs":["https:\/\/www.consultingpb.com\/","https:\/\/www.facebook.com\/alberto.bozzo.9","https:\/\/www.instagram.com\/ab_dirittorovescio\/","https:\/\/www.linkedin.com\/in\/alberto-bozzo-57982b63\/"],"url":"https:\/\/www.consultingpb.com\/en\/blog\/author\/alberto\/"}]}},"_links":{"self":[{"href":"https:\/\/www.consultingpb.com\/en\/wp-json\/wp\/v2\/posts\/3960","targetHints":{"allow":["GET"]}}],"collection":[{"href":"https:\/\/www.consultingpb.com\/en\/wp-json\/wp\/v2\/posts"}],"about":[{"href":"https:\/\/www.consultingpb.com\/en\/wp-json\/wp\/v2\/types\/post"}],"author":[{"embeddable":true,"href":"https:\/\/www.consultingpb.com\/en\/wp-json\/wp\/v2\/users\/2"}],"replies":[{"embeddable":true,"href":"https:\/\/www.consultingpb.com\/en\/wp-json\/wp\/v2\/comments?post=3960"}],"version-history":[{"count":1,"href":"https:\/\/www.consultingpb.com\/en\/wp-json\/wp\/v2\/posts\/3960\/revisions"}],"predecessor-version":[{"id":3963,"href":"https:\/\/www.consultingpb.com\/en\/wp-json\/wp\/v2\/posts\/3960\/revisions\/3963"}],"wp:featuredmedia":[{"embeddable":true,"href":"https:\/\/www.consultingpb.com\/en\/wp-json\/wp\/v2\/media\/3961"}],"wp:attachment":[{"href":"https:\/\/www.consultingpb.com\/en\/wp-json\/wp\/v2\/media?parent=3960"}],"wp:term":[{"taxonomy":"category","embeddable":true,"href":"https:\/\/www.consultingpb.com\/en\/wp-json\/wp\/v2\/categories?post=3960"},{"taxonomy":"post_tag","embeddable":true,"href":"https:\/\/www.consultingpb.com\/en\/wp-json\/wp\/v2\/tags?post=3960"}],"curies":[{"name":"wp","href":"https:\/\/api.w.org\/{rel}","templated":true}]}}